{"id":125364,"date":"2025-02-21T11:38:16","date_gmt":"2025-02-21T14:38:16","guid":{"rendered":"https:\/\/www.actualidadadiario.com\/?p=125364"},"modified":"2025-02-21T11:38:16","modified_gmt":"2025-02-21T14:38:16","slug":"federacion-se-promocionara-en-una-de-las-ciudades-turisticas-por-excelencia-a-nivel-nacional","status":"publish","type":"post","link":"https:\/\/www.actualidadadiario.com\/index.php\/2025\/02\/21\/federacion-se-promocionara-en-una-de-las-ciudades-turisticas-por-excelencia-a-nivel-nacional\/","title":{"rendered":"Federaci\u00f3n se promocionar\u00e1 en una de las ciudades tur\u00edsticas por excelencia a nivel nacional"},"content":{"rendered":"<p style=\"text-align: center;\"><em><strong>Federaci\u00f3n promocionar\u00e1 su destino tur\u00edstico para Semana Santa y la temporada venidera en la costa atl\u00e1ntica por espacio de tres d\u00edas, a partir del mi\u00e9rcoles 26 al viernes 28 de febrero, inform\u00f3 el secretario de Turismo de esa ciudad<\/strong><\/em><\/p>\n<p>&nbsp;<\/p>\n<p>&nbsp;<\/p>\n<p>Al respecto, el secretario de Turismo de Federaci\u00f3n, Ezequiel Marozzini, detall\u00f3 que \u201cesta campa\u00f1a de tres d\u00edas tiene como objetivo invitar a los marplatenses y a quienes se encuentren en esos d\u00edas disfrutando esa ciudad a que vengan a conocer, visitar, descubrir, nuestros atractivos, as\u00ed como lo hace much\u00edsima gente de diferentes provincias\u201d.<\/p>\n<p>\u201cPara el feriado de Semana Santa se prev\u00e9n actividades varias, desde lo recreativo al relax, por lo cual invitamos a que visiten Federaci\u00f3n, que hagan sus reservas con tiempo, porque adem\u00e1s de las aguas calientes, tenemos una variada oferta de atractivos para vivir con intensidad\u201d, precis\u00f3 el secretario.<\/p>\n<p>A la pregunta sobre cu\u00e1l ser\u00e1 la tarea en Mar del Plata, Marozzini indic\u00f3 que Playas Varese, Bristol y Grande ser\u00e1n parte de la promoci\u00f3n directa que realizar\u00e1 el equipo de promotores de la Secretaria de Turismo, teniendo tambi\u00e9n la cobertura period\u00edstica mediante notas, con los canales 8 y 10 de esa ciudad. Siendo parte de la promoci\u00f3n tambi\u00e9n, la presencia en las principales arterias comerciales, peatonal San Mart\u00edn y plazas varias.<\/p>\n<p>Remarc\u00f3 que para la ocasi\u00f3n el equipo tendr\u00e1 la informaci\u00f3n necesaria para los turistas que la requieran, gracias a la colaboraci\u00f3n del sector privado que aport\u00f3 material de promoci\u00f3n junto con la secretaria.<\/p>\n","protected":false},"excerpt":{"rendered":"<p>Federaci\u00f3n promocionar\u00e1 su destino tur\u00edstico para Semana Santa y la temporada venidera en la costa atl\u00e1ntica por espacio de tres d\u00edas, a partir del mi\u00e9rcoles 26 al viernes 28 de febrero, inform\u00f3 el secretario de Turismo de esa ciudad &nbsp; &nbsp; Al respecto, el secretario de Turismo de Federaci\u00f3n, Ezequiel Marozzini, detall\u00f3 que \u201cesta campa\u00f1a de tres d\u00edas tiene como objetivo invitar a los marplatenses y a quienes se encuentren en esos d\u00edas disfrutando esa ciudad a que vengan a conocer, visitar, descubrir, nuestros atractivos, as\u00ed como lo hace much\u00edsima&#8230;<\/p>\n","protected":false},"author":3,"featured_media":81984,"comment_status":"closed","ping_status":"closed","sticky":false,"template":"","format":"standard","meta":[],"categories":[15],"tags":[],"_links":{"self":[{"href":"https:\/\/www.actualidadadiario.com\/index.php\/wp-json\/wp\/v2\/posts\/125364"}],"collection":[{"href":"https:\/\/www.actualidadadiario.com\/index.php\/wp-json\/wp\/v2\/posts"}],"about":[{"href":"https:\/\/www.actualidadadiario.com\/index.php\/wp-json\/wp\/v2\/types\/post"}],"author":[{"embeddable":true,"href":"https:\/\/www.actualidadadiario.com\/index.php\/wp-json\/wp\/v2\/users\/3"}],"replies":[{"embeddable":true,"href":"https:\/\/www.actualidadadiario.com\/index.php\/wp-json\/wp\/v2\/comments?post=125364"}],"version-history":[{"count":1,"href":"https:\/\/www.actualidadadiario.com\/index.php\/wp-json\/wp\/v2\/posts\/125364\/revisions"}],"predecessor-version":[{"id":125365,"href":"https:\/\/www.actualidadadiario.com\/index.php\/wp-json\/wp\/v2\/posts\/125364\/revisions\/125365"}],"wp:featuredmedia":[{"embeddable":true,"href":"https:\/\/www.actualidadadiario.com\/index.php\/wp-json\/wp\/v2\/media\/81984"}],"wp:attachment":[{"href":"https:\/\/www.actualidadadiario.com\/index.php\/wp-json\/wp\/v2\/media?parent=125364"}],"wp:term":[{"taxonomy":"category","embeddable":true,"href":"https:\/\/www.actualidadadiario.com\/index.php\/wp-json\/wp\/v2\/categories?post=125364"},{"taxonomy":"post_tag","embeddable":true,"href":"https:\/\/www.actualidadadiario.com\/index.php\/wp-json\/wp\/v2\/tags?post=125364"}],"curies":[{"name":"wp","href":"https:\/\/api.w.org\/{rel}","templated":true}]}}