{"id":125357,"date":"2025-02-21T11:33:53","date_gmt":"2025-02-21T14:33:53","guid":{"rendered":"https:\/\/www.actualidadadiario.com\/?p=125357"},"modified":"2025-02-21T11:33:53","modified_gmt":"2025-02-21T14:33:53","slug":"la-camara-de-droguerias-de-entre-rios-se-declaro-en-alerta-ante-el-proyecto-oficial-de-compra-centralizada-de-medicamentos","status":"publish","type":"post","link":"https:\/\/www.actualidadadiario.com\/index.php\/2025\/02\/21\/la-camara-de-droguerias-de-entre-rios-se-declaro-en-alerta-ante-el-proyecto-oficial-de-compra-centralizada-de-medicamentos\/","title":{"rendered":"La C\u00e1mara de Droguer\u00edas de Entre R\u00edos se declar\u00f3 en alerta ante el proyecto oficial de compra centralizada de medicamentos"},"content":{"rendered":"<p style=\"text-align: center;\"><em><strong>La C\u00e1mara Entrerriana de Droguer\u00edas alert\u00f3 que la decisi\u00f3n oficial de adquirir remedios de manera centralizada los deja fuera de competencia y pone en riesgo a m\u00e1s de 30 empresas locales que emplean a unas 400 personas. El coordinador operativo Maximiliano R\u00edos alert\u00f3 sobre los riesgos que el nuevo sistema gubernamental tiene en materia de log\u00edstica de distribuci\u00f3n de insumos<\/strong><\/em><\/p>\n<p>&nbsp;<\/p>\n<p>&nbsp;<\/p>\n<p>El gobernador Rogelio Frigerio anunci\u00f3 el esquema nuevo durante su discurso ante la Asamblea Legislativa, el s\u00e1bado pasado. \u201cEsto nos pone en situaci\u00f3n de alerta y preocupaci\u00f3n dado que se hace menci\u00f3n (al sistema) y se resalta cu\u00e1l ser\u00eda el ahorro, dando un n\u00famero. Habr\u00eda que ver cu\u00e1l es el fundamento (de ese valor) que le han pasado desde el Ministerio de Salud al Gobernador como para poder asegurar cu\u00e1nto ser\u00e1 el ahorro de algo a futuro\u201d, puntualiz\u00f3 R\u00edos. Seg\u00fan dijo el mandatario, la erogaci\u00f3n en este rubro bajar\u00eda unos $ 7 mil millones.<\/p>\n<p>Luego, consider\u00f3 que el mecanismo de compra centralizada \u201cgenera desconfianza porque no estuvo charlado ni es pr\u00e1ctica habitual\u201d. Adem\u00e1s, record\u00f3 que en 2017, en los comienzos de la gesti\u00f3n de Gustavo Bordet como gobernador, se intent\u00f3 una operatoria similar.<\/p>\n<p>\u201cEl formato era una compra masiva y con n\u00fameros que ninguna droguer\u00eda de la provincia pod\u00eda hacerse cargo .Eso nos pone en desigualdad de oportunidades, con consecuencia para los puestos de trabajo y las arcas provinciales\u201d, se quej\u00f3.<\/p>\n<p>Las droguer\u00edas que conforman la C\u00e1mara \u201ctienen sede en la provincia. Pagan sus impuestos aqu\u00ed y ac\u00e1 est\u00e1n sus empleados\u201d, subray\u00f3. Con las reglas de juego actuales \u201cse conocen y permiten competir a las droguer\u00edas entrerrianas como a las de afuera\u201d, destac\u00f3.<\/p>\n<p>\u201cPero en compras centralizadas, ser\u00e1 muy dif\u00edcil que una empresa entrerriana pueda tener las condiciones para participar. La escala en este rubro implica mucho. Pero no solamente esto complica. Cada droguer\u00eda tiene una zona, porque la poblaci\u00f3n de Entre R\u00edos est\u00e1 muy\u00a0 distribuida sobre el territorio y eso complica la log\u00edstica. Ninguna empresa podr\u00eda atender a toda la provincia. Y si es de afuera, tambi\u00e9n hace dudar de que pueda tener un mejor costo\u201d, complet\u00f3.<\/p>\n<p>Sin embargo, aclar\u00f3 que a\u00fan no hay detalles de c\u00f3mo se implementar\u00e1 el anuncio del Gobernador. \u201cNo hay mayores datos. De all\u00ed la preocupaci\u00f3n. Vamos a solicitar al nuevo ministro (Daniel Blanzaco) una reuni\u00f3n para pedir aclaraciones del proceso y en qu\u00e9 instancia est\u00e1\u201d, a\u00f1adi\u00f3.<\/p>\n<p>Seg\u00fan consign\u00f3, s\u00f3lo Buenas Aires, ciudad y provincia, cuentan con un sistema de compra centralizado. \u201cPero es ah\u00ed donde est\u00e1n los importadores y los mayoristas nacionales. Ah\u00ed suena l\u00f3gico\u201d, distingui\u00f3.<\/p>\n<p>En otro orden, aclar\u00f3 que los laboratorios \u201cno venden directamente a los hospitales y centros de salud. Trabajan con mayoristas que no facturan ni tributan en Entre R\u00edos\u201d, concluy\u00f3.<\/p>\n","protected":false},"excerpt":{"rendered":"<p>La C\u00e1mara Entrerriana de Droguer\u00edas alert\u00f3 que la decisi\u00f3n oficial de adquirir remedios de manera centralizada los deja fuera de competencia y pone en riesgo a m\u00e1s de 30 empresas locales que emplean a unas 400 personas. El coordinador operativo Maximiliano R\u00edos alert\u00f3 sobre los riesgos que el nuevo sistema gubernamental tiene en materia de log\u00edstica de distribuci\u00f3n de insumos &nbsp; &nbsp; El gobernador Rogelio Frigerio anunci\u00f3 el esquema nuevo durante su discurso ante la Asamblea Legislativa, el s\u00e1bado pasado. \u201cEsto nos pone en situaci\u00f3n de alerta y preocupaci\u00f3n dado&#8230;<\/p>\n","protected":false},"author":3,"featured_media":95327,"comment_status":"closed","ping_status":"closed","sticky":false,"template":"","format":"standard","meta":[],"categories":[9],"tags":[],"_links":{"self":[{"href":"https:\/\/www.actualidadadiario.com\/index.php\/wp-json\/wp\/v2\/posts\/125357"}],"collection":[{"href":"https:\/\/www.actualidadadiario.com\/index.php\/wp-json\/wp\/v2\/posts"}],"about":[{"href":"https:\/\/www.actualidadadiario.com\/index.php\/wp-json\/wp\/v2\/types\/post"}],"author":[{"embeddable":true,"href":"https:\/\/www.actualidadadiario.com\/index.php\/wp-json\/wp\/v2\/users\/3"}],"replies":[{"embeddable":true,"href":"https:\/\/www.actualidadadiario.com\/index.php\/wp-json\/wp\/v2\/comments?post=125357"}],"version-history":[{"count":1,"href":"https:\/\/www.actualidadadiario.com\/index.php\/wp-json\/wp\/v2\/posts\/125357\/revisions"}],"predecessor-version":[{"id":125358,"href":"https:\/\/www.actualidadadiario.com\/index.php\/wp-json\/wp\/v2\/posts\/125357\/revisions\/125358"}],"wp:featuredmedia":[{"embeddable":true,"href":"https:\/\/www.actualidadadiario.com\/index.php\/wp-json\/wp\/v2\/media\/95327"}],"wp:attachment":[{"href":"https:\/\/www.actualidadadiario.com\/index.php\/wp-json\/wp\/v2\/media?parent=125357"}],"wp:term":[{"taxonomy":"category","embeddable":true,"href":"https:\/\/www.actualidadadiario.com\/index.php\/wp-json\/wp\/v2\/categories?post=125357"},{"taxonomy":"post_tag","embeddable":true,"href":"https:\/\/www.actualidadadiario.com\/index.php\/wp-json\/wp\/v2\/tags?post=125357"}],"curies":[{"name":"wp","href":"https:\/\/api.w.org\/{rel}","templated":true}]}}