{"id":125349,"date":"2025-02-20T15:19:10","date_gmt":"2025-02-20T18:19:10","guid":{"rendered":"https:\/\/www.actualidadadiario.com\/?p=125349"},"modified":"2025-02-20T15:19:10","modified_gmt":"2025-02-20T18:19:10","slug":"la-cgt-anuncio-dos-paros-docentes-para-febrero-y-marzo","status":"publish","type":"post","link":"https:\/\/www.actualidadadiario.com\/index.php\/2025\/02\/20\/la-cgt-anuncio-dos-paros-docentes-para-febrero-y-marzo\/","title":{"rendered":"La CGT anunci\u00f3 dos paros docentes para febrero y marzo"},"content":{"rendered":"<p style=\"text-align: center;\"><em><strong>Los gremios docentes intensifican su reclamo ante la falta de avances en la negociaci\u00f3n salarial y anunciaron dos paros nacionales que afectar\u00e1n el inicio de clases en varias provincias<\/strong><\/em><\/p>\n<p>&nbsp;<\/p>\n<p>&nbsp;<\/p>\n<p>A d\u00edas del comienzo del ciclo lectivo, el conflicto docente se intensifica. Los gremios del sector anunciaron este mediod\u00eda dos paros nacionales de 24 horas que afectar\u00e1n a 12 provincias el pr\u00f3ximo lunes 24 de febrero y el 5 de marzo. La medida, impulsada por los sindicatos docentes de la CGT, impactar\u00e1 en C\u00f3rdoba, Santa Fe, Corrientes, Entre R\u00edos, Formosa, Jujuy, Mendoza, Salta, San Juan, San Luis y Santa Cruz.<\/p>\n<p>En paralelo, la Confederaci\u00f3n de Trabajadores de la Educaci\u00f3n de la Rep\u00fablica Argentina (Ctera) se encamina a anunciar su propia protesta nacional ante la falta de convocatoria del Gobierno a la paritaria docente.<\/p>\n<p>El anuncio de las medidas de fuerza tuvo lugar en la sede de la CGT, en una conferencia de prensa encabezada por Sergio Romero, secretario de Pol\u00edticas Educativas de la central sindical y l\u00edder de la Uni\u00f3n Docentes Argentinos (UDA). Lo acompa\u00f1aron Sara Garc\u00eda (AMET), Fabi\u00e1n Felman (CEA), y dirigentes cegetistas como Octavio Arg\u00fcello (Camioneros), Julio Piumato (Judiciales), Argentino Geneiro (Gastron\u00f3micos) y Horacio Otero (UOM), entre otros.<\/p>\n<p>\u201cAl Gobierno le gusta m\u00e1s el conflicto que ponerse de acuerdo con los trabajadores\u201d, dijo Romero, quien responsabiliz\u00f3 a la administraci\u00f3n nacional por la falta de avances en la negociaci\u00f3n salarial. \u201cEl salario inicial es de pobreza, est\u00e1 por debajo de la canasta b\u00e1sica total y es muy grave lo que est\u00e1 pasando en el sistema educativo argentino\u201d, sostuvo.<\/p>\n<p>El l\u00edder de UDA advirti\u00f3 que el conflicto no se agotar\u00e1 en los paros programados si no hay respuestas oficiales: \u201cSi no se genera un \u00e1mbito de di\u00e1logo, vamos a seguir con un plan de lucha durante todo el a\u00f1o\u201d.<\/p>\n<p>Adem\u00e1s, desde la CGT alertaron sobre la crisis salarial en el sector educativo. Seg\u00fan sus datos, el salario m\u00ednimo docente permanece en $420.000 desde agosto del a\u00f1o pasado, cifra que ubica a los trabajadores del sector por debajo de la l\u00ednea de indigencia.<\/p>\n","protected":false},"excerpt":{"rendered":"<p>Los gremios docentes intensifican su reclamo ante la falta de avances en la negociaci\u00f3n salarial y anunciaron dos paros nacionales que afectar\u00e1n el inicio de clases en varias provincias &nbsp; &nbsp; A d\u00edas del comienzo del ciclo lectivo, el conflicto docente se intensifica. Los gremios del sector anunciaron este mediod\u00eda dos paros nacionales de 24 horas que afectar\u00e1n a 12 provincias el pr\u00f3ximo lunes 24 de febrero y el 5 de marzo. La medida, impulsada por los sindicatos docentes de la CGT, impactar\u00e1 en C\u00f3rdoba, Santa Fe, Corrientes, Entre R\u00edos,&#8230;<\/p>\n","protected":false},"author":3,"featured_media":125350,"comment_status":"closed","ping_status":"closed","sticky":false,"template":"","format":"standard","meta":[],"categories":[18],"tags":[],"_links":{"self":[{"href":"https:\/\/www.actualidadadiario.com\/index.php\/wp-json\/wp\/v2\/posts\/125349"}],"collection":[{"href":"https:\/\/www.actualidadadiario.com\/index.php\/wp-json\/wp\/v2\/posts"}],"about":[{"href":"https:\/\/www.actualidadadiario.com\/index.php\/wp-json\/wp\/v2\/types\/post"}],"author":[{"embeddable":true,"href":"https:\/\/www.actualidadadiario.com\/index.php\/wp-json\/wp\/v2\/users\/3"}],"replies":[{"embeddable":true,"href":"https:\/\/www.actualidadadiario.com\/index.php\/wp-json\/wp\/v2\/comments?post=125349"}],"version-history":[{"count":1,"href":"https:\/\/www.actualidadadiario.com\/index.php\/wp-json\/wp\/v2\/posts\/125349\/revisions"}],"predecessor-version":[{"id":125351,"href":"https:\/\/www.actualidadadiario.com\/index.php\/wp-json\/wp\/v2\/posts\/125349\/revisions\/125351"}],"wp:featuredmedia":[{"embeddable":true,"href":"https:\/\/www.actualidadadiario.com\/index.php\/wp-json\/wp\/v2\/media\/125350"}],"wp:attachment":[{"href":"https:\/\/www.actualidadadiario.com\/index.php\/wp-json\/wp\/v2\/media?parent=125349"}],"wp:term":[{"taxonomy":"category","embeddable":true,"href":"https:\/\/www.actualidadadiario.com\/index.php\/wp-json\/wp\/v2\/categories?post=125349"},{"taxonomy":"post_tag","embeddable":true,"href":"https:\/\/www.actualidadadiario.com\/index.php\/wp-json\/wp\/v2\/tags?post=125349"}],"curies":[{"name":"wp","href":"https:\/\/api.w.org\/{rel}","templated":true}]}}