{"id":125345,"date":"2025-02-20T15:17:03","date_gmt":"2025-02-20T18:17:03","guid":{"rendered":"https:\/\/www.actualidadadiario.com\/?p=125345"},"modified":"2025-02-20T15:17:03","modified_gmt":"2025-02-20T18:17:03","slug":"la-camara-rechazo-el-pedido-de-kueider-de-recuperar-la-banca-en-el-senado","status":"publish","type":"post","link":"https:\/\/www.actualidadadiario.com\/index.php\/2025\/02\/20\/la-camara-rechazo-el-pedido-de-kueider-de-recuperar-la-banca-en-el-senado\/","title":{"rendered":"La C\u00e1mara rechaz\u00f3 el pedido de Kueider de recuperar la banca en el Senado"},"content":{"rendered":"<p style=\"text-align: center;\"><em><strong>El fallo confirm\u00f3 que es v\u00e1lida la sesi\u00f3n en la que se lo expuls\u00f3 al exlegislador, detenido cuando intentaba ingresar a Paraguay con u$s200 mil sin declarar<\/strong><\/em><\/p>\n<p>&nbsp;<\/p>\n<p>&nbsp;<\/p>\n<p>La C\u00e1mara Contencioso Administrativo Federal confirm\u00f3 la validez de la sesi\u00f3n del Senado en la que se expuls\u00f3 a Edgardo Kueider por inhabilidad moral luego de ser detenido en Paraguay cuando intentaba ingresar con m\u00e1s de u$s200.000 en efectivo sin declarar.<\/p>\n<p>As\u00ed lo resolvi\u00f3 la C\u00e1mara Contencioso al rechazar un recurso de Kueider para que se declare la inconstitucionalidad y\/o subsidiariamente la nulidad de la Sesi\u00f3n P\u00fablica Especial celebrada el 12 de diciembre de 2024, en la que se vot\u00f3 y se dispuso su remoci\u00f3n del cargo de senador nacional. La Sala V de la C\u00e1mara confirm\u00f3 la decisi\u00f3n del juzgado de primera instancia que hab\u00eda rechazado la acci\u00f3n de amparo interpuesta por Kueider.<\/p>\n<p>&nbsp;<\/p>\n<p><strong>Los argumentos de Kueider<\/strong><\/p>\n<p>El ex senador sostuvo que fue \u201cileg\u00edtima y arbitrariamente removido pues la Vicepresidente de la Naci\u00f3n, Victoria Villarruel al presidir la sesi\u00f3n viol\u00f3 la Constituci\u00f3n Nacional\u201d. Ello en la medida en que, en ese momento, estaba reemplazando al presidente en el ejercicio de sus funciones, pues este no se hallaba en el pa\u00eds. Seg\u00fan Kuieder no debi\u00f3, al mismo tiempo, haber presidido el Senado. Adem\u00e1s, expres\u00f3 que se vulner\u00f3 su derecho de defensa y el debido proceso legal.<\/p>\n<p>Invoc\u00f3 que no se le dio vista de las actuaciones ni se le otorg\u00f3 la posibilidad de presentar su descargo y adem\u00e1s aleg\u00f3 que la decisi\u00f3n cuestionada fue adoptada sin contar con pruebas suficientes, dado que se fund\u00f3 solamente en la copia de un acta de imputaci\u00f3n<\/p>\n<p>La C\u00e1mara Contencioso remarc\u00f3 como regla que \u201cla facultad de revisi\u00f3n judicial encuentra su l\u00edmite en el ejercicio regular de las funciones privativas de los poderes pol\u00edticos del Estado, ya que la funci\u00f3n jurisdiccional no alcanza al modo del ejercicio de tales atribuciones, pues de lo contrario ser\u00eda manifiesta la invasi\u00f3n del \u00e1mbito de las facultades propias de las otras autoridades de la Naci\u00f3n\u201d. \u201cLa valoraci\u00f3n y votaci\u00f3n de los miembros del senado con respecto a la habilidad moral del amparista, se halla reservada al seno de ese \u00f3rgano, en la medida en que la cl\u00e1usula constitucional respectiva no impone m\u00e1s limitaciones que las que el propio texto del art\u00edculo 66 establece, es decir, dos tercios de los votos\u201d.<\/p>\n<p>\u201cEn consecuencia, no corresponde a los jueces pronunciarse sobre los aspectos no reglados que ata\u00f1en al funcionamiento interno de ese cuerpo, lo que implicar\u00eda una clara interferencia con las funciones que les son propias y exclusivas\u201d, sentenci\u00f3 el tribunal de apelaci\u00f3n.<\/p>\n<p>El planteo de Kueider fue rechazado \u201cin limine\u201d por la C\u00e1mara en la resoluci\u00f3n firmada por los jueces Guillermo Treacy, Jorge Alemany y Pablo Gallegos Fedriani.<\/p>\n","protected":false},"excerpt":{"rendered":"<p>El fallo confirm\u00f3 que es v\u00e1lida la sesi\u00f3n en la que se lo expuls\u00f3 al exlegislador, detenido cuando intentaba ingresar a Paraguay con u$s200 mil sin declarar &nbsp; &nbsp; La C\u00e1mara Contencioso Administrativo Federal confirm\u00f3 la validez de la sesi\u00f3n del Senado en la que se expuls\u00f3 a Edgardo Kueider por inhabilidad moral luego de ser detenido en Paraguay cuando intentaba ingresar con m\u00e1s de u$s200.000 en efectivo sin declarar. As\u00ed lo resolvi\u00f3 la C\u00e1mara Contencioso al rechazar un recurso de Kueider para que se declare la inconstitucionalidad y\/o subsidiariamente&#8230;<\/p>\n","protected":false},"author":3,"featured_media":123935,"comment_status":"closed","ping_status":"closed","sticky":false,"template":"","format":"standard","meta":[],"categories":[18],"tags":[],"_links":{"self":[{"href":"https:\/\/www.actualidadadiario.com\/index.php\/wp-json\/wp\/v2\/posts\/125345"}],"collection":[{"href":"https:\/\/www.actualidadadiario.com\/index.php\/wp-json\/wp\/v2\/posts"}],"about":[{"href":"https:\/\/www.actualidadadiario.com\/index.php\/wp-json\/wp\/v2\/types\/post"}],"author":[{"embeddable":true,"href":"https:\/\/www.actualidadadiario.com\/index.php\/wp-json\/wp\/v2\/users\/3"}],"replies":[{"embeddable":true,"href":"https:\/\/www.actualidadadiario.com\/index.php\/wp-json\/wp\/v2\/comments?post=125345"}],"version-history":[{"count":1,"href":"https:\/\/www.actualidadadiario.com\/index.php\/wp-json\/wp\/v2\/posts\/125345\/revisions"}],"predecessor-version":[{"id":125346,"href":"https:\/\/www.actualidadadiario.com\/index.php\/wp-json\/wp\/v2\/posts\/125345\/revisions\/125346"}],"wp:featuredmedia":[{"embeddable":true,"href":"https:\/\/www.actualidadadiario.com\/index.php\/wp-json\/wp\/v2\/media\/123935"}],"wp:attachment":[{"href":"https:\/\/www.actualidadadiario.com\/index.php\/wp-json\/wp\/v2\/media?parent=125345"}],"wp:term":[{"taxonomy":"category","embeddable":true,"href":"https:\/\/www.actualidadadiario.com\/index.php\/wp-json\/wp\/v2\/categories?post=125345"},{"taxonomy":"post_tag","embeddable":true,"href":"https:\/\/www.actualidadadiario.com\/index.php\/wp-json\/wp\/v2\/tags?post=125345"}],"curies":[{"name":"wp","href":"https:\/\/api.w.org\/{rel}","templated":true}]}}