{"id":125341,"date":"2025-02-20T15:15:37","date_gmt":"2025-02-20T18:15:37","guid":{"rendered":"https:\/\/www.actualidadadiario.com\/?p=125341"},"modified":"2025-02-20T15:15:37","modified_gmt":"2025-02-20T18:15:37","slug":"advierten-que-el-gobierno-desmantelo-el-programa-de-cuidados-paliativos","status":"publish","type":"post","link":"https:\/\/www.actualidadadiario.com\/index.php\/2025\/02\/20\/advierten-que-el-gobierno-desmantelo-el-programa-de-cuidados-paliativos\/","title":{"rendered":"Advierten que el Gobierno desmantel\u00f3 el Programa de Cuidados Paliativos"},"content":{"rendered":"<p style=\"text-align: center;\"><em><strong>Profesionales del \u00e1rea denuncian despidos y suspensi\u00f3n de la compra de opioides, necesarios para aliviar dolores en quienes atraviesan la \u00faltima etapa de su vida por c\u00e1ncer y otras enfermedades<\/strong><\/em><\/p>\n<p>&nbsp;<\/p>\n<p>&nbsp;<\/p>\n<p>\u201cSe ha desmantelado el Programa Nacional de Cuidados Paliativos del Instituto Nacional del C\u00e1ncer (INC), formador de recurso humano interdisciplinario en Cuidados Paliativos a trav\u00e9s de becas en servicios de excelencia y cursos variados, provisi\u00f3n de morfina y metadona a las 24 jurisdicciones del pa\u00eds para apoyar principalmente el tratamiento del dolor severo por c\u00e1ncer en las provincias m\u00e1s pobres, y asesor\u00eda y apoyo permanente a los equipos de cuidados paliativos de toda la Argentina. Cumplo en informar desde adentro. Muchos no hablan por miedo. Los Cuidados Paliativos argentinos estamos de luto.\u201d<\/p>\n<p>El texto fue publicado por la m\u00e9dica Mariana Pechenik (MN 109663), actual referenta del Programa Nacional de Cuidados Paliativos, en su cuenta de Facebook (y autoriz\u00f3 su r\u00e9plica). La especialista a\u00f1adi\u00f3 que \u201cse suspendieron las compras de opioides (morfina y metadona), se echaron a 6 de los 8 integrantes del equipo\u201d. Las consecuencias del recorte, advirti\u00f3, ser\u00e1n \u201caumento de la prevalencia de c\u00e1ncer, aumento de los padecimientos asociados a la enfermedad, m\u00e1s pacientes sin recibir atenci\u00f3n de personal calificado en cuidados paliativos ni alivio del dolor\u201d.<\/p>\n<p>Pechenik expres\u00f3 que \u201cel Instituto Nacional del C\u00e1ncer, junto a la Asociaci\u00f3n Argentina de Cuidados Paliativos y los institutos privados de formaci\u00f3n, estaba torciendo el camino de la ignorancia vergonzosa que tiene el sistema de salud argentino en la materia. Esta pol\u00edtica nacional es un descuido profundo a nuestros derechos humanos\u201d.<\/p>\n<p>El paso de la motosierra sobre el INC tambi\u00e9n despert\u00f3 preocupaci\u00f3n entre organizaciones y familias que impulsaron la Ley de Oncopediatr\u00eda, sancionada en 2022 y cuyos alcances nunca terminaron de garantizarse, a riesgo de retroceder.<\/p>\n<p>&nbsp;<\/p>\n<p><strong>De la vanguardia al desmantelamiento del Programa de Cuidados Paliativos<\/strong><\/p>\n<p>\u201cAs\u00ed como hay equipos que se encargan de cuidar los nacimientos, con obstetras, neonat\u00f3logos, tambi\u00e9n tiene que haber equipos que se encarguen de cuidar el final de la vida\u201d, dec\u00eda a Tiempo en julio de 2022 Mar\u00eda Julia Aparicio, m\u00e9dica coordinadora del Centro Universitario de Tratamiento del Dolor Cr\u00f3nico y Cuidados Paliativos del Hospital de Cl\u00ednicas. Por entonces, la sanci\u00f3n de la Ley Nacional de Cuidados Paliativos era celebrada porque \u201cpone a la Argentina a la vanguardia en la atenci\u00f3n de personas con enfermedades cr\u00f3nicas avanzadas\u201d. Tres a\u00f1os despu\u00e9s, la noticia del desmantelamiento difundida desde dentro del Programa Nacional -y ante la falta de informaci\u00f3n oficial- caus\u00f3 preocupaci\u00f3n entre las organizaciones abocadas al tema.<\/p>\n<p>\u201cDesde la Asociaci\u00f3n publicamos nuestra preocupaci\u00f3n ante una situaci\u00f3n que creemos que es de extrema gravedad. La informaci\u00f3n que tenemos es extra oficial, pero hace 48 horas mandamos mails al INC y al Programa pidiendo informaci\u00f3n concreta y no obtuvimos respuesta, lo cual en s\u00ed mismo es una respuesta\u201d, lament\u00f3 Silvina Dulitzky, presidenta de la Asociaci\u00f3n Argentina de Medicina y Cuidados Paliativos (AAMyCP), en di\u00e1logo con Tiempo.<\/p>\n<p>Desde la entidad se contactaron tambi\u00e9n con legisladores que impulsaron la normativa nacional sancionada en 2022, para intentar motorizar un pedido de informes. \u201cLo que sabemos es que va a haber varios despidos. El Programa ten\u00eda siete profesionales y hasta donde sabemos extra oficialmente quedar\u00eda dos. Lo que nos preocupa es que creemos que no hay garant\u00edas de continuidad del Programa ni de las cosas que \u00e9ste garantizaba, como provisi\u00f3n de opioides, educaci\u00f3n, formaci\u00f3n, red, federalismo en la atenci\u00f3n paliativa\u201d, enumer\u00f3. Y remarc\u00f3 que ya se estaban registrando problemas con el acceso a opioides, a\u00fan no de manera extrema. \u201cPara nosotros contar con opioides es medular\u201d, defini\u00f3 la especialista en aliviar padecimientos en pacientes graves.<\/p>\n<p>\u201cNaci\u00f3n lo que hace es garantizar la equidad de accesibilidad, porque hay diferencias entre las provincias\u201d con m\u00e1s y menos recursos, explic\u00f3 Dulitzky sobre la necesidad de que el Estado Nacional contin\u00fae a cargo del tema. \u201cTenemos una poblaci\u00f3n creciente de pacientes con necesidad de atenci\u00f3n paliativa, que si no la reciben van a fallecer con un sufrimiento que se podr\u00eda aliviar\u201d. La accesibilidad estaba lejos de ser total, pero la existencia del Programa apuntaba a homogeneizar las posibilidades en distintos puntos del pa\u00eds. \u201cDel 100% de la poblaci\u00f3n que necesitar\u00eda tener una atenci\u00f3n paliativa, solo la recibe el 14%. Eso a nivel mundial, y en Argentina las cifras son parecidas\u201d, alert\u00f3. Y agreg\u00f3: \u201cSi no ten\u00e9s un vadem\u00e9cum b\u00e1sico y provisi\u00f3n de opioides, ten\u00e9s poblaci\u00f3n con indicaci\u00f3n analg\u00e9sica pero sin accesibilidad\u201d.<\/p>\n<p>&nbsp;<\/p>\n<p><strong>Menos salud<\/strong><\/p>\n<p>La situaci\u00f3n del Programa de Cuidados Paliativos se da en el marco de un fuerte recorte en el Ministerio de Salud de la Naci\u00f3n, comandado por Mario Lugones. Desde que comenz\u00f3 el a\u00f1o anunci\u00f3 1400 puestos de trabajo menos, as\u00ed como el cierre o vaciamiento de direcciones especializadas como las de tuberculosis, HIV y vacunas. Por estos ajustes que implican quitas de derechos se convoca a una marcha en defensa de la salud p\u00fablica el pr\u00f3ximo 27 de febrero, impulsada por trabajadores del Hospital Garrahan.<\/p>\n<p>El achique del Estado en materia sanitaria incluy\u00f3 56 despidos en el Instituto Nacional del C\u00e1ncer, del que depende el Programa de Cuidados Paliativos. A partir de ello present\u00f3 su renuncia la directora, Ver\u00f3nica Pesce, aunque a\u00fan no fue aceptada. Por otra parte, un informe del Centro de Econom\u00eda Pol\u00edtica Argentina (CEPA) sobre la subejecuci\u00f3n presupuestaria del gobierno de Javier Milei durante 2024 mostr\u00f3 que, para el INC, fue nada menos que del 55%.<\/p>\n<p>En tanto, en los \u00faltimos d\u00edas se puso en circulaci\u00f3n una nota dirigida al Ministerio de Salud que hasta este mi\u00e9rcoles reun\u00eda m\u00e1s de 400 firmas para denunciar la \u201cpreocupaci\u00f3n ante la situaci\u00f3n de demora y discontinuidad en la provisi\u00f3n de medicaci\u00f3n inmunosupresora para pacientes trasplantados con cobertura p\u00fablica exclusiva por parte del Ministerio de Salud de la Naci\u00f3n a trav\u00e9s del Programa de Seguimiento Postrasplante que afecta a m\u00e1s de 5400 ciudadanos\u201d.<\/p>\n<p>Alertaron que los problemas en la entrega en tiempo y forma de esas medicaciones llevaron a las provincias \u201ca efectuar compras que involucran un alt\u00edsimo porcentaje del presupuesto de los organismos provinciales de procuraci\u00f3n y trasplante poniendo en riesgo la actividad de los mismos. Aun as\u00ed estas adquisiciones dif\u00edcilmente podr\u00e1n garantizar la cobertura al requerimiento de todo un a\u00f1o. Esta situaci\u00f3n pone en riesgo la sobrevida del trasplante, haciendo que los pacientes trasplantados renales deban volver a di\u00e1lisis y los pacientes trasplantados de otros \u00f3rganos, puedan perder no solo el injerto sino su vida\u201d.<\/p>\n<p>La nota fue firmada entre otros por representantes de instituciones sanitarias y trabajadores de la salud, incluyendo ocho directores de CUCAIBA, 150 Directores Ejecutivos\/Asociados de Hospitales Provinciales, 51 Jefes de Servicios y diferentes autoridades Ministeriales, as\u00ed como por pacientes.<\/p>\n<p>Desde el Ministerio de Salud aseguraron a este medio que \u201cno hay faltante de entrega. Pudo haber alguna demora de parte de los laboratorios pero siempre dentro de los plazos establecidos. Esto mismo se le inform\u00f3 a los ministros el lunes en la reuni\u00f3n del Cofesa (Consejo Federal de Salud)\u201d. Sobre la situaci\u00f3n del Programa Nacional de Cuidados Paliativos y las denuncias de desmantelamiento, en cambio, no hubo respuesta.<\/p>\n","protected":false},"excerpt":{"rendered":"<p>Profesionales del \u00e1rea denuncian despidos y suspensi\u00f3n de la compra de opioides, necesarios para aliviar dolores en quienes atraviesan la \u00faltima etapa de su vida por c\u00e1ncer y otras enfermedades &nbsp; &nbsp; \u201cSe ha desmantelado el Programa Nacional de Cuidados Paliativos del Instituto Nacional del C\u00e1ncer (INC), formador de recurso humano interdisciplinario en Cuidados Paliativos a trav\u00e9s de becas en servicios de excelencia y cursos variados, provisi\u00f3n de morfina y metadona a las 24 jurisdicciones del pa\u00eds para apoyar principalmente el tratamiento del dolor severo por c\u00e1ncer en las provincias&#8230;<\/p>\n","protected":false},"author":3,"featured_media":88061,"comment_status":"closed","ping_status":"closed","sticky":false,"template":"","format":"standard","meta":[],"categories":[9],"tags":[],"_links":{"self":[{"href":"https:\/\/www.actualidadadiario.com\/index.php\/wp-json\/wp\/v2\/posts\/125341"}],"collection":[{"href":"https:\/\/www.actualidadadiario.com\/index.php\/wp-json\/wp\/v2\/posts"}],"about":[{"href":"https:\/\/www.actualidadadiario.com\/index.php\/wp-json\/wp\/v2\/types\/post"}],"author":[{"embeddable":true,"href":"https:\/\/www.actualidadadiario.com\/index.php\/wp-json\/wp\/v2\/users\/3"}],"replies":[{"embeddable":true,"href":"https:\/\/www.actualidadadiario.com\/index.php\/wp-json\/wp\/v2\/comments?post=125341"}],"version-history":[{"count":1,"href":"https:\/\/www.actualidadadiario.com\/index.php\/wp-json\/wp\/v2\/posts\/125341\/revisions"}],"predecessor-version":[{"id":125342,"href":"https:\/\/www.actualidadadiario.com\/index.php\/wp-json\/wp\/v2\/posts\/125341\/revisions\/125342"}],"wp:featuredmedia":[{"embeddable":true,"href":"https:\/\/www.actualidadadiario.com\/index.php\/wp-json\/wp\/v2\/media\/88061"}],"wp:attachment":[{"href":"https:\/\/www.actualidadadiario.com\/index.php\/wp-json\/wp\/v2\/media?parent=125341"}],"wp:term":[{"taxonomy":"category","embeddable":true,"href":"https:\/\/www.actualidadadiario.com\/index.php\/wp-json\/wp\/v2\/categories?post=125341"},{"taxonomy":"post_tag","embeddable":true,"href":"https:\/\/www.actualidadadiario.com\/index.php\/wp-json\/wp\/v2\/tags?post=125341"}],"curies":[{"name":"wp","href":"https:\/\/api.w.org\/{rel}","templated":true}]}}