{"id":125339,"date":"2025-02-20T15:14:45","date_gmt":"2025-02-20T18:14:45","guid":{"rendered":"https:\/\/www.actualidadadiario.com\/?p=125339"},"modified":"2025-02-20T15:14:45","modified_gmt":"2025-02-20T18:14:45","slug":"el-impacto-del-escandalo-cripto-el-60-piensa-que-lo-de-milei-fue-una-estafa-y-mas-del-50-cree-que-karina-recibio-coimas","status":"publish","type":"post","link":"https:\/\/www.actualidadadiario.com\/index.php\/2025\/02\/20\/el-impacto-del-escandalo-cripto-el-60-piensa-que-lo-de-milei-fue-una-estafa-y-mas-del-50-cree-que-karina-recibio-coimas\/","title":{"rendered":"El impacto del esc\u00e1ndalo cripto: el 60% piensa que lo de Milei fue una estafa y m\u00e1s del 50% cree que Karina recibi\u00f3 coimas"},"content":{"rendered":"<p style=\"text-align: center;\"><em><strong>El trabajo realizado por Zuban C\u00f3rdoba marca al esc\u00e1ndalo como un &#8220;cisne negro&#8221;. Para la poblaci\u00f3n, es la mayor crisis del gobierno y casi el 90 por ciento dice estar informado sobre el tema<\/strong><\/em><\/p>\n<p>&nbsp;<\/p>\n<p>&nbsp;<\/p>\n<p>A menos de una semana del tuit borrado de Javier Milei que deriv\u00f3 en una estafa mundial, una de las primeras encuestas da cuenta \u00abde una crisis profunda\u00bb que \u00abel gobierno no deber\u00eda subestimar\u00bb. As\u00ed surge del estudio de urgencia de la consultora Zuban C\u00f3rdoba que sostiene que seis de cada diez personas consideran que hubo estafa y m\u00e1s de la mitad de los encuestados cree que Karina Milei recibi\u00f3 una coima.<\/p>\n<p>Las primeras conclusiones del trabajo concluyen que la poblaci\u00f3n conoce el tema y lo considera la mayor crisis de Milei, \u00abquien deber\u00eda actuar como presidente y no como influencer\u00bb. Con una muestra de 1200 casos y un margen de error de 2,83%, \u00abun 60% cree que se trat\u00f3 de una estafa, y un 40% cree que deber\u00eda ser investigada por el Poder Judicial. Solo un 10% acuerda con la idea de una investigaci\u00f3n interna como propuso el gobierno\u00bb.<\/p>\n<p>&nbsp;<\/p>\n<p><strong>\u00bfQu\u00e9 creen sobre Karina Milei?<\/strong><\/p>\n<p>A la vez, describen al esc\u00e1ndalo desatado por el tuit de Milei como \u00abun cisne negro\u00bb que tambi\u00e9n golpea a su hermana: el 54, 3 por ciento de los encuestados cree que Karina Milei recibi\u00f3 coimas por promocionar la cripto.<\/p>\n<p>\u00abEl episodio demuestra ser una crisis profunda y de amplia repercusi\u00f3n. Aunque el n\u00facleo duro del gobierno no parece afectado en general, el impacto sobre los \u201cindecisos\u201d es n\u00edtido y claro\u00bb, sostiene la encuesta realizada a nivel nacional con una poblaci\u00f3n mayor a los 16 a\u00f1os.<\/p>\n","protected":false},"excerpt":{"rendered":"<p>El trabajo realizado por Zuban C\u00f3rdoba marca al esc\u00e1ndalo como un &#8220;cisne negro&#8221;. Para la poblaci\u00f3n, es la mayor crisis del gobierno y casi el 90 por ciento dice estar informado sobre el tema &nbsp; &nbsp; A menos de una semana del tuit borrado de Javier Milei que deriv\u00f3 en una estafa mundial, una de las primeras encuestas da cuenta \u00abde una crisis profunda\u00bb que \u00abel gobierno no deber\u00eda subestimar\u00bb. As\u00ed surge del estudio de urgencia de la consultora Zuban C\u00f3rdoba que sostiene que seis de cada diez personas consideran&#8230;<\/p>\n","protected":false},"author":3,"featured_media":113120,"comment_status":"closed","ping_status":"closed","sticky":false,"template":"","format":"standard","meta":[],"categories":[9],"tags":[],"_links":{"self":[{"href":"https:\/\/www.actualidadadiario.com\/index.php\/wp-json\/wp\/v2\/posts\/125339"}],"collection":[{"href":"https:\/\/www.actualidadadiario.com\/index.php\/wp-json\/wp\/v2\/posts"}],"about":[{"href":"https:\/\/www.actualidadadiario.com\/index.php\/wp-json\/wp\/v2\/types\/post"}],"author":[{"embeddable":true,"href":"https:\/\/www.actualidadadiario.com\/index.php\/wp-json\/wp\/v2\/users\/3"}],"replies":[{"embeddable":true,"href":"https:\/\/www.actualidadadiario.com\/index.php\/wp-json\/wp\/v2\/comments?post=125339"}],"version-history":[{"count":1,"href":"https:\/\/www.actualidadadiario.com\/index.php\/wp-json\/wp\/v2\/posts\/125339\/revisions"}],"predecessor-version":[{"id":125340,"href":"https:\/\/www.actualidadadiario.com\/index.php\/wp-json\/wp\/v2\/posts\/125339\/revisions\/125340"}],"wp:featuredmedia":[{"embeddable":true,"href":"https:\/\/www.actualidadadiario.com\/index.php\/wp-json\/wp\/v2\/media\/113120"}],"wp:attachment":[{"href":"https:\/\/www.actualidadadiario.com\/index.php\/wp-json\/wp\/v2\/media?parent=125339"}],"wp:term":[{"taxonomy":"category","embeddable":true,"href":"https:\/\/www.actualidadadiario.com\/index.php\/wp-json\/wp\/v2\/categories?post=125339"},{"taxonomy":"post_tag","embeddable":true,"href":"https:\/\/www.actualidadadiario.com\/index.php\/wp-json\/wp\/v2\/tags?post=125339"}],"curies":[{"name":"wp","href":"https:\/\/api.w.org\/{rel}","templated":true}]}}