{"id":125334,"date":"2025-02-20T12:50:11","date_gmt":"2025-02-20T15:50:11","guid":{"rendered":"https:\/\/www.actualidadadiario.com\/?p=125334"},"modified":"2025-02-20T12:50:11","modified_gmt":"2025-02-20T15:50:11","slug":"declaran-emergencia-agropecuaria-en-el-bolson-tras-los-incendios-que-arrasaron-3-825-hectareas","status":"publish","type":"post","link":"https:\/\/www.actualidadadiario.com\/index.php\/2025\/02\/20\/declaran-emergencia-agropecuaria-en-el-bolson-tras-los-incendios-que-arrasaron-3-825-hectareas\/","title":{"rendered":"Declaran Emergencia Agropecuaria en El Bols\u00f3n, tras los incendios que arrasaron 3.825 hect\u00e1reas"},"content":{"rendered":"<p style=\"text-align: center;\"><em><strong>El fuego afect\u00f3 a 21 productores hort\u00edcolas, 15 avicultores, 17 ganaderos, 9 apicultores y 23 frut\u00edcolas. Tambi\u00e9n gener\u00f3 la evacuaci\u00f3n de 612 personas afectadas y 221 viviendas da\u00f1adas, de las cuales 166 fueron completamente destruidas<\/strong><\/em><\/p>\n<p>&nbsp;<\/p>\n<p>&nbsp;<\/p>\n<p>El fuego consumi\u00f3 m\u00e1s de 3.800 hect\u00e1reas de El Bols\u00f3n y ahora el Gobierno declar\u00f3 la Emergencia Agropecuaria para poder asistir a los productores afectados y favorecer la recuperaci\u00f3n econ\u00f3mica. Desde el Gobierno de R\u00edo Negro, informaron que por el incendio tuvieron que evacuar a 612 personas afectadas y 221 viviendas da\u00f1adas, de las cuales 166 fueron completamente destruidas.<\/p>\n<p>Desde la Comisi\u00f3n Nacional de Emergencias y Desastres Agropecuarios elaboraron un informe donde detallaron que los productores afectados fueron 21 hort\u00edcolas, 15 avicultores, 17 ganaderos, 9 apicultores y 23 frut\u00edcolas. Esta situaci\u00f3n responde a la solicitud del gobernador de R\u00edo Negro, Alberto Weretilneck para poder afrontar las p\u00e9rdidas.<\/p>\n<p>Desde el Gobierno provincial, informaron que el incendio destruy\u00f3 2.069 hect\u00e1reas de bosque nativo, 166 de plantaciones forestales y 250 de chacras agropecuarias, con da\u00f1os en viviendas, sistemas de riego y equipamiento productivo.<\/p>\n<p>Hace unas semanas, Weretilneck declar\u00f3 la emergencia agropecuaria a nivel provincial mediante el Decreto 75\/2025, el cual dec\u00eda: &#8220;El estado de emergencia y\/o Desastre Agropecuario, seg\u00fan corresponda en cada caso, por causa de incendio, en lo que refiere a la actividad productiva, a partir del 1 de Febrero de 2025 y por el t\u00e9rmino de un (1) a\u00f1o, en el departamento de Bariloche de la Provincia de R\u00edo Negro, de acuerdo a las consideraciones efectuadas&#8221;.<\/p>\n<p>El impacto ambiental fue dram\u00e1tico por la p\u00e9rdida de biodiversidad y afect\u00f3 a 151 hect\u00e1reas de humedales, fundamentales para la conservaci\u00f3n del ecosistema y la actividad ap\u00edcola. En un informe compartido por el gobierno provincial, se\u00f1alaron que se perdieron sistemas de riego, invernaderos, colmenas y producci\u00f3n frutihort\u00edcola, con un 25% de la frambuesa de la regi\u00f3n destruida.<\/p>\n","protected":false},"excerpt":{"rendered":"<p>El fuego afect\u00f3 a 21 productores hort\u00edcolas, 15 avicultores, 17 ganaderos, 9 apicultores y 23 frut\u00edcolas. Tambi\u00e9n gener\u00f3 la evacuaci\u00f3n de 612 personas afectadas y 221 viviendas da\u00f1adas, de las cuales 166 fueron completamente destruidas &nbsp; &nbsp; El fuego consumi\u00f3 m\u00e1s de 3.800 hect\u00e1reas de El Bols\u00f3n y ahora el Gobierno declar\u00f3 la Emergencia Agropecuaria para poder asistir a los productores afectados y favorecer la recuperaci\u00f3n econ\u00f3mica. Desde el Gobierno de R\u00edo Negro, informaron que por el incendio tuvieron que evacuar a 612 personas afectadas y 221 viviendas da\u00f1adas, de&#8230;<\/p>\n","protected":false},"author":3,"featured_media":125335,"comment_status":"closed","ping_status":"closed","sticky":false,"template":"","format":"standard","meta":[],"categories":[2],"tags":[],"_links":{"self":[{"href":"https:\/\/www.actualidadadiario.com\/index.php\/wp-json\/wp\/v2\/posts\/125334"}],"collection":[{"href":"https:\/\/www.actualidadadiario.com\/index.php\/wp-json\/wp\/v2\/posts"}],"about":[{"href":"https:\/\/www.actualidadadiario.com\/index.php\/wp-json\/wp\/v2\/types\/post"}],"author":[{"embeddable":true,"href":"https:\/\/www.actualidadadiario.com\/index.php\/wp-json\/wp\/v2\/users\/3"}],"replies":[{"embeddable":true,"href":"https:\/\/www.actualidadadiario.com\/index.php\/wp-json\/wp\/v2\/comments?post=125334"}],"version-history":[{"count":1,"href":"https:\/\/www.actualidadadiario.com\/index.php\/wp-json\/wp\/v2\/posts\/125334\/revisions"}],"predecessor-version":[{"id":125336,"href":"https:\/\/www.actualidadadiario.com\/index.php\/wp-json\/wp\/v2\/posts\/125334\/revisions\/125336"}],"wp:featuredmedia":[{"embeddable":true,"href":"https:\/\/www.actualidadadiario.com\/index.php\/wp-json\/wp\/v2\/media\/125335"}],"wp:attachment":[{"href":"https:\/\/www.actualidadadiario.com\/index.php\/wp-json\/wp\/v2\/media?parent=125334"}],"wp:term":[{"taxonomy":"category","embeddable":true,"href":"https:\/\/www.actualidadadiario.com\/index.php\/wp-json\/wp\/v2\/categories?post=125334"},{"taxonomy":"post_tag","embeddable":true,"href":"https:\/\/www.actualidadadiario.com\/index.php\/wp-json\/wp\/v2\/tags?post=125334"}],"curies":[{"name":"wp","href":"https:\/\/api.w.org\/{rel}","templated":true}]}}