{"id":125325,"date":"2025-02-20T12:46:12","date_gmt":"2025-02-20T15:46:12","guid":{"rendered":"https:\/\/www.actualidadadiario.com\/?p=125325"},"modified":"2025-02-20T12:46:32","modified_gmt":"2025-02-20T15:46:32","slug":"los-precios-mayoristas-aumentaron-15-en-enero-y-acumularon-438-en-un-ano","status":"publish","type":"post","link":"https:\/\/www.actualidadadiario.com\/index.php\/2025\/02\/20\/los-precios-mayoristas-aumentaron-15-en-enero-y-acumularon-438-en-un-ano\/","title":{"rendered":"Los precios mayoristas aumentaron 1,5% en enero y acumularon 43,8% en un a\u00f1o"},"content":{"rendered":"<p style=\"text-align: center;\"><em><strong>Los productos nacionales se incrementaron 1,6% superando a los importados. Tambi\u00e9n aument\u00f3 el costo para construir y la carne<\/strong><\/em><\/p>\n<p>&nbsp;<\/p>\n<p>&nbsp;<\/p>\n<p>El \u00cdndice de Precios Internos al por Mayor (IPIM) aument\u00f3 un 1,5% en enero, dinamizado principalmente por los precios locales (1,6%). En particular, se destacaron las subas de la energ\u00eda el\u00e9ctrica, del 3,6%, y de los productos primarios, en el orden del 2,1%, inform\u00f3 el Indec. Se trat\u00f3 del dato m\u00e1s alto de los \u00faltimos cuatro meses y duplic\u00f3 el de diciembre, cuando arroj\u00f3 0,8%.<\/p>\n<p>Los precios mayoristas generan un impacto en los minoristas y su tendencia suele verificarse con el tiempo en el IPC. En lo que va del mes, las consultoras privadas registraron una leve aceleraci\u00f3n en los precios al consumidor en comparaci\u00f3n con enero, especialmente debido a los precios de la carne, los servicios y los alquileres.<\/p>\n<p>En el informe mayorista de enero, el aumento de los productos primarios respondi\u00f3 a la variaci\u00f3n de la categor\u00eda petr\u00f3leo crudo y gas, que se increment\u00f3 4,1%. Los productos agropecuarios aumentaron 1% y los minerales no metal\u00edferos 0,7%. Los precios de los pesqueros cayeron 5,2% en el mes.<\/p>\n<p>Los productos manufacturados fueron la categor\u00eda que menos aument\u00f3 con el 1,4% mensual. Dentro de ese apartado, las sustancias qu\u00edmicas treparon 3,1%, los productos tabacaleros 3,7% y los productos met\u00e1licos b\u00e1sicos un 1,5%. Los alimentos y bebidas, refinados de petr\u00f3leo y otros medios de transporte cerraron con una variaci\u00f3n del 1,4%.<\/p>\n<p>En el acumulado anual el precio que m\u00e1s aument\u00f3 es el de la energ\u00eda ecl\u00e9ctica con un 333,6%. Las manufacturas acumularon una variaci\u00f3n del 44,9% y los productos primarios el 54,6%.<\/p>\n<p>&nbsp;<\/p>\n<p><strong>Precios minoristas<\/strong><\/p>\n<p>Los precios de la carne mantuvieron en la tercera semana de febrero la crecida que registraron en las dos semanas precedentes. Los cortes delanteros de carne vacuna se incrementaron 2,5% en el per\u00edodo y fueron el producto que m\u00e1s subi\u00f3 dentro de la categor\u00eda alimentos y bebidas, que termin\u00f3 con una suba promedio del 0,4%, seg\u00fan el registro de PxQ.<\/p>\n<p>En el \u00edndice general lo que m\u00e1s aument\u00f3 en la tercera semana del mes fue recreaci\u00f3n y cultura, con el 1,5%.<\/p>\n","protected":false},"excerpt":{"rendered":"<p>Los productos nacionales se incrementaron 1,6% superando a los importados. Tambi\u00e9n aument\u00f3 el costo para construir y la carne &nbsp; &nbsp; El \u00cdndice de Precios Internos al por Mayor (IPIM) aument\u00f3 un 1,5% en enero, dinamizado principalmente por los precios locales (1,6%). En particular, se destacaron las subas de la energ\u00eda el\u00e9ctrica, del 3,6%, y de los productos primarios, en el orden del 2,1%, inform\u00f3 el Indec. Se trat\u00f3 del dato m\u00e1s alto de los \u00faltimos cuatro meses y duplic\u00f3 el de diciembre, cuando arroj\u00f3 0,8%. Los precios mayoristas generan&#8230;<\/p>\n","protected":false},"author":3,"featured_media":125326,"comment_status":"closed","ping_status":"closed","sticky":false,"template":"","format":"standard","meta":[],"categories":[2],"tags":[],"_links":{"self":[{"href":"https:\/\/www.actualidadadiario.com\/index.php\/wp-json\/wp\/v2\/posts\/125325"}],"collection":[{"href":"https:\/\/www.actualidadadiario.com\/index.php\/wp-json\/wp\/v2\/posts"}],"about":[{"href":"https:\/\/www.actualidadadiario.com\/index.php\/wp-json\/wp\/v2\/types\/post"}],"author":[{"embeddable":true,"href":"https:\/\/www.actualidadadiario.com\/index.php\/wp-json\/wp\/v2\/users\/3"}],"replies":[{"embeddable":true,"href":"https:\/\/www.actualidadadiario.com\/index.php\/wp-json\/wp\/v2\/comments?post=125325"}],"version-history":[{"count":2,"href":"https:\/\/www.actualidadadiario.com\/index.php\/wp-json\/wp\/v2\/posts\/125325\/revisions"}],"predecessor-version":[{"id":125328,"href":"https:\/\/www.actualidadadiario.com\/index.php\/wp-json\/wp\/v2\/posts\/125325\/revisions\/125328"}],"wp:featuredmedia":[{"embeddable":true,"href":"https:\/\/www.actualidadadiario.com\/index.php\/wp-json\/wp\/v2\/media\/125326"}],"wp:attachment":[{"href":"https:\/\/www.actualidadadiario.com\/index.php\/wp-json\/wp\/v2\/media?parent=125325"}],"wp:term":[{"taxonomy":"category","embeddable":true,"href":"https:\/\/www.actualidadadiario.com\/index.php\/wp-json\/wp\/v2\/categories?post=125325"},{"taxonomy":"post_tag","embeddable":true,"href":"https:\/\/www.actualidadadiario.com\/index.php\/wp-json\/wp\/v2\/tags?post=125325"}],"curies":[{"name":"wp","href":"https:\/\/api.w.org\/{rel}","templated":true}]}}