{"id":125323,"date":"2025-02-20T12:44:34","date_gmt":"2025-02-20T15:44:34","guid":{"rendered":"https:\/\/www.actualidadadiario.com\/?p=125323"},"modified":"2025-02-20T12:44:34","modified_gmt":"2025-02-20T15:44:34","slug":"como-inscribirse-en-las-becas-progresar-2025-2","status":"publish","type":"post","link":"https:\/\/www.actualidadadiario.com\/index.php\/2025\/02\/20\/como-inscribirse-en-las-becas-progresar-2025-2\/","title":{"rendered":"\u00bfC\u00f3mo inscribirse en las Becas Progresar 2025?"},"content":{"rendered":"<p style=\"text-align: center;\"><em><strong>Existe una serie de pasos a seguir que son comunes a cada per\u00edodo lectivo. Expectativa por la fecha de inscripci\u00f3n de este a\u00f1o, que a\u00fan no fue confirmada<\/strong><\/em><\/p>\n<p>&nbsp;<\/p>\n<p>&nbsp;<\/p>\n<p>Las Becas Progresar son una asistencia econ\u00f3mica del Gobierno destinada a j\u00f3venes en situaci\u00f3n vulnerable para que puedan finalizar sus estudios primarios o secundarios, acceder a la educaci\u00f3n superior o capacitarse profesionalmente. Aunque a\u00fan no se ha anunciado la fecha de inscripci\u00f3n para 2025, la Secretar\u00eda de Educaci\u00f3n confirm\u00f3 que la convocatoria se abrir\u00e1 pr\u00f3ximamente.<\/p>\n<p>En febrero, el monto de las Becas Progresar se mantuvo en $35.000 y el gobierno estableci\u00f3 nuevos requisitos para seguir cobrando y no ser dado de baja del programa.<\/p>\n<p>&nbsp;<\/p>\n<p><strong>\u00bfC\u00f3mo inscribirse en las Becas Progresar 2025?<\/strong><\/p>\n<p>Se recomienda a los interesados estar atentos a los canales oficiales de Progresar y la Secretar\u00eda de Educaci\u00f3n para conocer la fecha exacta de apertura de inscripciones en 2025.<\/p>\n<p>El proceso de inscripci\u00f3n se realiza de manera online a trav\u00e9s de la plataforma oficial de Progresar. Los pasos a seguir son:<\/p>\n<ul>\n<li>Crear un usuario si es la primera vez que se accede.<\/li>\n<li>Seleccionar la l\u00ednea de beca correspondiente e ingresar con usuario y contrase\u00f1a.<\/li>\n<li>Completar el formulario de inscripci\u00f3n, que consta de tres partes:<\/li>\n<\/ul>\n<p>-Datos personales.<\/p>\n<p>-Encuesta socioecon\u00f3mica.<\/p>\n<p>-Datos acad\u00e9micos.<\/p>\n<ul>\n<li>Esperar la publicaci\u00f3n de los resultados de la postulaci\u00f3n.<\/li>\n<li>Consultar el estado de la solicitud a trav\u00e9s de la plataforma y seguir las comunicaciones oficiales.<\/li>\n<\/ul>\n<p>&nbsp;<\/p>\n<p><strong>\u00bfQui\u00e9nes pueden acceder a las Becas Progresar?<\/strong><\/p>\n<p>Los interesados en postularse deben cumplir con los siguientes requisitos:<\/p>\n<ul>\n<li>Nacionalidad y residencia argentina: ser argentino nativo, naturalizado o extranjero con al menos dos a\u00f1os de residencia legal en el pa\u00eds.<\/li>\n<li>Documento Nacional de Identidad (DNI) vigente.<\/li>\n<li>Ser alumno regular de una instituci\u00f3n educativa reconocida.<\/li>\n<li>Edad:<\/li>\n<\/ul>\n<p>-14 a 16 a\u00f1os para educaci\u00f3n obligatoria.<\/p>\n<p>-Hasta 30 a\u00f1os para estudiantes avanzados.<\/p>\n<p>-Sin l\u00edmite de edad para carreras de enfermer\u00eda y poblaciones prioritarias (pueblos originarios, personas trans, con discapacidad, refugiadas o afrodescendientes\/afroargentinas).<\/p>\n<ul>\n<li>Nivel de ingresos: el solicitante y su grupo familiar no deben superar tres veces el Salario M\u00ednimo, Vital y M\u00f3vil (SMVM).<\/li>\n<\/ul>\n<p>&nbsp;<\/p>\n<p><strong>Motivos por los que se suspende el pago de las Becas Progresar<\/strong><\/p>\n<p>El beneficio puede ser cancelado por:<\/p>\n<ul>\n<li>Vencimiento del per\u00edodo otorgado.<\/li>\n<li>Fallecimiento del becario.<\/li>\n<li>Renuncia voluntaria a la beca.<\/li>\n<li>Modificaci\u00f3n de las condiciones que justificaron su otorgamiento.<\/li>\n<li>Cobro de otra beca educativa similar otorgada por la Secretar\u00eda de Educaci\u00f3n.<\/li>\n<li>P\u00e9rdida de la condici\u00f3n de alumno regular.<\/li>\n<li>Incumplimiento de las obligaciones establecidas en el Reglamento Progresar.<\/li>\n<li>Falsificaci\u00f3n u omisi\u00f3n de informaci\u00f3n en la postulaci\u00f3n o tras la adjudicaci\u00f3n.<\/li>\n<\/ul>\n","protected":false},"excerpt":{"rendered":"<p>Existe una serie de pasos a seguir que son comunes a cada per\u00edodo lectivo. Expectativa por la fecha de inscripci\u00f3n de este a\u00f1o, que a\u00fan no fue confirmada &nbsp; &nbsp; Las Becas Progresar son una asistencia econ\u00f3mica del Gobierno destinada a j\u00f3venes en situaci\u00f3n vulnerable para que puedan finalizar sus estudios primarios o secundarios, acceder a la educaci\u00f3n superior o capacitarse profesionalmente. Aunque a\u00fan no se ha anunciado la fecha de inscripci\u00f3n para 2025, la Secretar\u00eda de Educaci\u00f3n confirm\u00f3 que la convocatoria se abrir\u00e1 pr\u00f3ximamente. En febrero, el monto de&#8230;<\/p>\n","protected":false},"author":3,"featured_media":69664,"comment_status":"closed","ping_status":"closed","sticky":false,"template":"","format":"standard","meta":[],"categories":[2],"tags":[],"_links":{"self":[{"href":"https:\/\/www.actualidadadiario.com\/index.php\/wp-json\/wp\/v2\/posts\/125323"}],"collection":[{"href":"https:\/\/www.actualidadadiario.com\/index.php\/wp-json\/wp\/v2\/posts"}],"about":[{"href":"https:\/\/www.actualidadadiario.com\/index.php\/wp-json\/wp\/v2\/types\/post"}],"author":[{"embeddable":true,"href":"https:\/\/www.actualidadadiario.com\/index.php\/wp-json\/wp\/v2\/users\/3"}],"replies":[{"embeddable":true,"href":"https:\/\/www.actualidadadiario.com\/index.php\/wp-json\/wp\/v2\/comments?post=125323"}],"version-history":[{"count":1,"href":"https:\/\/www.actualidadadiario.com\/index.php\/wp-json\/wp\/v2\/posts\/125323\/revisions"}],"predecessor-version":[{"id":125324,"href":"https:\/\/www.actualidadadiario.com\/index.php\/wp-json\/wp\/v2\/posts\/125323\/revisions\/125324"}],"wp:featuredmedia":[{"embeddable":true,"href":"https:\/\/www.actualidadadiario.com\/index.php\/wp-json\/wp\/v2\/media\/69664"}],"wp:attachment":[{"href":"https:\/\/www.actualidadadiario.com\/index.php\/wp-json\/wp\/v2\/media?parent=125323"}],"wp:term":[{"taxonomy":"category","embeddable":true,"href":"https:\/\/www.actualidadadiario.com\/index.php\/wp-json\/wp\/v2\/categories?post=125323"},{"taxonomy":"post_tag","embeddable":true,"href":"https:\/\/www.actualidadadiario.com\/index.php\/wp-json\/wp\/v2\/tags?post=125323"}],"curies":[{"name":"wp","href":"https:\/\/api.w.org\/{rel}","templated":true}]}}