{"id":124653,"date":"2025-02-04T11:37:11","date_gmt":"2025-02-04T14:37:11","guid":{"rendered":"https:\/\/www.actualidadadiario.com\/?p=124653"},"modified":"2025-02-04T11:37:11","modified_gmt":"2025-02-04T14:37:11","slug":"la-inversion-cerro-el-2024-el-nivel-mas-bajo-desde-la-pandemia-en-2020","status":"publish","type":"post","link":"https:\/\/www.actualidadadiario.com\/index.php\/2025\/02\/04\/la-inversion-cerro-el-2024-el-nivel-mas-bajo-desde-la-pandemia-en-2020\/","title":{"rendered":"La inversi\u00f3n cerr\u00f3 el 2024 el nivel m\u00e1s bajo desde la pandemia en 2020"},"content":{"rendered":"<p style=\"text-align: center;\"><em><strong>La inversi\u00f3n cerr\u00f3 el 2024 con un desplome del 13,7% anual, el nivel m\u00e1s bajo desde la pandemia en 2020, seg\u00fan un informe de Orlando J. Ferreres (OJF)<\/strong><\/em><\/p>\n<p>&nbsp;<\/p>\n<p>&nbsp;<\/p>\n<p>La evoluci\u00f3n de ese componente se vio afectado por la devaluaci\u00f3n, el salto de la inflaci\u00f3n y la ca\u00edda en consecuencia del consumo, lo que profundiz\u00f3 la recesi\u00f3n iniciada el a\u00f1o previo.<\/p>\n<p>De esa manera, la inversi\u00f3n medida en d\u00f3lares alcanz\u00f3 los US$ 79.670 millones, por debajo de los US$ 103.621 millones en 2023.<\/p>\n<p>&#8220;El fuerte ajuste del gobierno tuvo como principal objetivo frenar la inflaci\u00f3n, frente en el que est\u00e1 teniendo buenos resultados, pero esta pol\u00edtica gener\u00f3 tambi\u00e9n una brusca ca\u00edda de la actividad y de los salarios durante los primeros mes de 2024, y como consecuencia una baja en la inversi\u00f3n&#8221;, explic\u00f3 Rosendo Plana, de OJF.<\/p>\n<p>La estimaci\u00f3n surge de los datos de venta de maquinaria agr\u00edcola, venta de veh\u00edculos pesados, despachos para la construcci\u00f3n e importaciones de bienes de capital, entre otros.<\/p>\n<p>Seg\u00fan la consultora, la inversi\u00f3n en construcci\u00f3n cay\u00f3 21,6% interanual y en maquinaria y equipos retrocedi\u00f3 6,1% por la brusca ca\u00edda de las importaciones debido al impacto de la devaluaci\u00f3n.<\/p>\n<p>Luego de anotar once meses de ca\u00eddas interanuales, reci\u00e9n en diciembre el indicador registr\u00f3 una expansi\u00f3n del 19,9% interanual. El principal motivo fue la baja base de comparaci\u00f3n que dejaron las importaciones de bienes de capital en diciembre de 2023.<\/p>\n<p>Desde la consultora, proyectan que la inversi\u00f3n subir\u00e1 10% en 2025, producto de una situaci\u00f3n macroecon\u00f3mica m\u00e1s ordenada, junto con una mejora general de los salarios y un rebote de la actividad.<\/p>\n<p>La consultora espera una mejora por el lado de la maquinaria importada, aunque advierte que el tipo de cambio atrasado es un freno para la actividad de la construcci\u00f3n y la baja del riesgo pa\u00eds ser\u00e1 clave para la entrada de inversiones.<\/p>\n","protected":false},"excerpt":{"rendered":"<p>La inversi\u00f3n cerr\u00f3 el 2024 con un desplome del 13,7% anual, el nivel m\u00e1s bajo desde la pandemia en 2020, seg\u00fan un informe de Orlando J. Ferreres (OJF) &nbsp; &nbsp; La evoluci\u00f3n de ese componente se vio afectado por la devaluaci\u00f3n, el salto de la inflaci\u00f3n y la ca\u00edda en consecuencia del consumo, lo que profundiz\u00f3 la recesi\u00f3n iniciada el a\u00f1o previo. De esa manera, la inversi\u00f3n medida en d\u00f3lares alcanz\u00f3 los US$ 79.670 millones, por debajo de los US$ 103.621 millones en 2023. &#8220;El fuerte ajuste del gobierno tuvo&#8230;<\/p>\n","protected":false},"author":3,"featured_media":92836,"comment_status":"closed","ping_status":"closed","sticky":false,"template":"","format":"standard","meta":[],"categories":[2],"tags":[],"_links":{"self":[{"href":"https:\/\/www.actualidadadiario.com\/index.php\/wp-json\/wp\/v2\/posts\/124653"}],"collection":[{"href":"https:\/\/www.actualidadadiario.com\/index.php\/wp-json\/wp\/v2\/posts"}],"about":[{"href":"https:\/\/www.actualidadadiario.com\/index.php\/wp-json\/wp\/v2\/types\/post"}],"author":[{"embeddable":true,"href":"https:\/\/www.actualidadadiario.com\/index.php\/wp-json\/wp\/v2\/users\/3"}],"replies":[{"embeddable":true,"href":"https:\/\/www.actualidadadiario.com\/index.php\/wp-json\/wp\/v2\/comments?post=124653"}],"version-history":[{"count":1,"href":"https:\/\/www.actualidadadiario.com\/index.php\/wp-json\/wp\/v2\/posts\/124653\/revisions"}],"predecessor-version":[{"id":124654,"href":"https:\/\/www.actualidadadiario.com\/index.php\/wp-json\/wp\/v2\/posts\/124653\/revisions\/124654"}],"wp:featuredmedia":[{"embeddable":true,"href":"https:\/\/www.actualidadadiario.com\/index.php\/wp-json\/wp\/v2\/media\/92836"}],"wp:attachment":[{"href":"https:\/\/www.actualidadadiario.com\/index.php\/wp-json\/wp\/v2\/media?parent=124653"}],"wp:term":[{"taxonomy":"category","embeddable":true,"href":"https:\/\/www.actualidadadiario.com\/index.php\/wp-json\/wp\/v2\/categories?post=124653"},{"taxonomy":"post_tag","embeddable":true,"href":"https:\/\/www.actualidadadiario.com\/index.php\/wp-json\/wp\/v2\/tags?post=124653"}],"curies":[{"name":"wp","href":"https:\/\/api.w.org\/{rel}","templated":true}]}}