{"id":124648,"date":"2025-02-04T11:34:17","date_gmt":"2025-02-04T14:34:17","guid":{"rendered":"https:\/\/www.actualidadadiario.com\/?p=124648"},"modified":"2025-02-04T11:34:17","modified_gmt":"2025-02-04T14:34:17","slug":"inflacion-de-enero-para-las-consultoras-fue-de-entre-2-y-25","status":"publish","type":"post","link":"https:\/\/www.actualidadadiario.com\/index.php\/2025\/02\/04\/inflacion-de-enero-para-las-consultoras-fue-de-entre-2-y-25\/","title":{"rendered":"Inflaci\u00f3n de enero: para las consultoras fue de entre 2% y 2,5%"},"content":{"rendered":"<p style=\"text-align: center;\"><em><strong>Los relevamientos privados arrojaron una baja tras el \u00edndice de diciembre, que fue del 2,7%. El Indec dar\u00e1 a conocer la estad\u00edstica oficial el 13 de febrero<\/strong><\/em><\/p>\n<p>&nbsp;<\/p>\n<p>&nbsp;<\/p>\n<p>Los relevamientos de varias consultoras privadas advirtieron que la inflaci\u00f3n fue entre 2% y 2,5% en enero, mientras se aguarda por la estad\u00edstica que dar\u00e1 a conocer el Instituto Nacional de Estad\u00edstica y Censos (Indec) el 13 de febrero.<\/p>\n<p>La Fundaci\u00f3n Libertad &amp; Progreso calcul\u00f3 que la inflaci\u00f3n de enero fue del 2%, lo que representar\u00eda una disminuci\u00f3n de 0,7 puntos porcentuales en comparaci\u00f3n con diciembre de 2024. En esta l\u00ednea, se\u00f1alaron que a comienzos del mes &#8220;la inflaci\u00f3n mantuvo su tendencia a una desaceleraci\u00f3n, con variaciones semanales en torno al 0,3%&#8221;.<\/p>\n<p>En tanto, a\u00f1adieron que durante la \u00faltima semana de enero &#8220;se vio una aceleraci\u00f3n hasta un ritmo de 0,5%, impulsado principalmente por el rubro de alimentos, con fuerte incidencia de los aumentos en el precio de la carne&#8221;.<\/p>\n<p>Por su parte, Equilibria estim\u00f3 que el \u00cdndice de Precios al Consumidor del primer mes del a\u00f1o fue del 2,1%. En este marco, el economista Lorenzo Sigaut Gravina, quien integra la consultora, se refiri\u00f3 a una baja en los precios de distintos alimentos: &#8220;Hubo una importante desaceleraci\u00f3n, sobre todo en alimentos y bebidas, que en diciembre hab\u00eda estado muy influido por el alza de la carne&#8221;.<\/p>\n<p>Tambi\u00e9n, LCG se\u00f1al\u00f3 que la inflaci\u00f3n de enero fue del 2% aunque advirti\u00f3 que &#8220;la punta a punta de cuatro semanas se desploma a la mitad&#8221;. En esta l\u00ednea, EcoGO marc\u00f3 que fue del 2,3% debido a que &#8220;responde a un aumento en alimentos mayor al esperado y subas del 17,6% en &#8216;mano de obra&#8217; del ICC (\u00cdndice de Confianza del Consumidor) y en cigarrillos&#8221;.<\/p>\n<p>En tanto, el \u00edndice m\u00e1s alto lo calcul\u00f3 Empiria, con un 2,5%. &#8220;El aumento de los bienes y servicios regulados lo estimamos cercano al 2%, marcando una importante desaceleraci\u00f3n en relaci\u00f3n al mes anterior&#8221;, expres\u00f3 el economista Gonzalo Lacunza.<\/p>\n<p>&nbsp;<\/p>\n<p><strong>Expectativas<\/strong><\/p>\n<p>Las expectativas de inflaci\u00f3n disminuyeron a 41,2% para los pr\u00f3ximos 12 meses. Se trata del nivel m\u00e1s bajo desde abril de 2020, seg\u00fan la encuesta mensual que realiza la Universidad Torcuato Di Tella. En tanto, la mediana (n\u00famero que deja por encima y por debajo la misma cantidad de respuestas) se mantiene en 30%. Esta medici\u00f3n muestra una baja en comparaci\u00f3n con el mes anterior, donde el promedio se ubicaba en 45%.<\/p>\n<p>Adem\u00e1s, la encuesta revela una ca\u00edda en las expectativas de inflaci\u00f3n a 30 d\u00edas, con un promedio de 4,25% y una mediana del 3%, indicando una disminuci\u00f3n respecto a diciembre, cuando el promedio fue de 6,61% y la mediana de 5%. La encuesta tambi\u00e9n muestra una ca\u00edda en todas las regiones del pa\u00eds, con el interior registrando la menor expectativa de inflaci\u00f3n.<\/p>\n<p>Los datos fueron recogidos entre el 2 y el 15 de enero de 2025. El estudio se basa en un muestreo de 1.000 casos en todo el pa\u00eds y se centra en la expectativa individual sobre el aumento generalizado de precios.<\/p>\n","protected":false},"excerpt":{"rendered":"<p>Los relevamientos privados arrojaron una baja tras el \u00edndice de diciembre, que fue del 2,7%. El Indec dar\u00e1 a conocer la estad\u00edstica oficial el 13 de febrero &nbsp; &nbsp; Los relevamientos de varias consultoras privadas advirtieron que la inflaci\u00f3n fue entre 2% y 2,5% en enero, mientras se aguarda por la estad\u00edstica que dar\u00e1 a conocer el Instituto Nacional de Estad\u00edstica y Censos (Indec) el 13 de febrero. La Fundaci\u00f3n Libertad &amp; Progreso calcul\u00f3 que la inflaci\u00f3n de enero fue del 2%, lo que representar\u00eda una disminuci\u00f3n de 0,7 puntos&#8230;<\/p>\n","protected":false},"author":3,"featured_media":124341,"comment_status":"closed","ping_status":"closed","sticky":false,"template":"","format":"standard","meta":[],"categories":[2],"tags":[],"_links":{"self":[{"href":"https:\/\/www.actualidadadiario.com\/index.php\/wp-json\/wp\/v2\/posts\/124648"}],"collection":[{"href":"https:\/\/www.actualidadadiario.com\/index.php\/wp-json\/wp\/v2\/posts"}],"about":[{"href":"https:\/\/www.actualidadadiario.com\/index.php\/wp-json\/wp\/v2\/types\/post"}],"author":[{"embeddable":true,"href":"https:\/\/www.actualidadadiario.com\/index.php\/wp-json\/wp\/v2\/users\/3"}],"replies":[{"embeddable":true,"href":"https:\/\/www.actualidadadiario.com\/index.php\/wp-json\/wp\/v2\/comments?post=124648"}],"version-history":[{"count":1,"href":"https:\/\/www.actualidadadiario.com\/index.php\/wp-json\/wp\/v2\/posts\/124648\/revisions"}],"predecessor-version":[{"id":124649,"href":"https:\/\/www.actualidadadiario.com\/index.php\/wp-json\/wp\/v2\/posts\/124648\/revisions\/124649"}],"wp:featuredmedia":[{"embeddable":true,"href":"https:\/\/www.actualidadadiario.com\/index.php\/wp-json\/wp\/v2\/media\/124341"}],"wp:attachment":[{"href":"https:\/\/www.actualidadadiario.com\/index.php\/wp-json\/wp\/v2\/media?parent=124648"}],"wp:term":[{"taxonomy":"category","embeddable":true,"href":"https:\/\/www.actualidadadiario.com\/index.php\/wp-json\/wp\/v2\/categories?post=124648"},{"taxonomy":"post_tag","embeddable":true,"href":"https:\/\/www.actualidadadiario.com\/index.php\/wp-json\/wp\/v2\/tags?post=124648"}],"curies":[{"name":"wp","href":"https:\/\/api.w.org\/{rel}","templated":true}]}}