{"id":124641,"date":"2025-02-04T10:43:50","date_gmt":"2025-02-04T13:43:50","guid":{"rendered":"https:\/\/www.actualidadadiario.com\/?p=124641"},"modified":"2025-02-04T10:43:50","modified_gmt":"2025-02-04T13:43:50","slug":"diputados-retoma-la-actividad-y-arranca-el-debate-sobre-la-reforma-del-consejo-de-la-magistratura","status":"publish","type":"post","link":"https:\/\/www.actualidadadiario.com\/index.php\/2025\/02\/04\/diputados-retoma-la-actividad-y-arranca-el-debate-sobre-la-reforma-del-consejo-de-la-magistratura\/","title":{"rendered":"Diputados retoma la actividad y arranca el debate sobre la reforma del Consejo de la Magistratura"},"content":{"rendered":"<p style=\"text-align: center;\"><em><strong>Tras el receso, la C\u00e1mara de Diputados de la Provincia reanuda su actividad legislativa con una reuni\u00f3n de comisi\u00f3n en la que se abordar\u00e1 el proyecto de reforma del Consejo de la Magistratura que impulsa el gobernador Frigerio<\/strong><\/em><\/p>\n<p>&nbsp;<\/p>\n<p>&nbsp;<\/p>\n<p>Este mi\u00e9rcoles a las 10 se reunir\u00e1 la Comisi\u00f3n de Asuntos Constitucionales de la C\u00e1mara de Diputados con el fin de dar inicio al debate sobre el proyecto que introduce reformas en el Consejo de la Magistratura, que fue presentado en diciembre por el Poder Ejecutivo.<\/p>\n<p>El encuentro se llevar\u00e1 a cabo en el Sal\u00f3n de los Pasos Perdidos y contar\u00e1 con la presencia del Presidente del Consejo de la Magistratura de Entre R\u00edos, Mauro Vazz\u00f3n, representantes del Colegio de la Abogac\u00eda de Entre R\u00edos y Alejandro C\u00e1nepa, de la Asociaci\u00f3n de la Magistratura y la Funci\u00f3n Judicial de la Provincia de Entre R\u00edos.<\/p>\n<p>La iniciativa apunta a \u201cbrindar una respuesta adecuada a la situaci\u00f3n y necesidades hoy existentes, aportando celeridad a los concursos para regularizar definitivamente la cobertura de cargos vacantes\u201d.<\/p>\n<p>Por otro lado, establece que \u201cuna vez cubiertas las vacantes hoy existentes o simult\u00e1neamente con esa labor, se realicen concursos anticipados para futuras vacantes, garantizando la mayor agilidad posible en la designaci\u00f3n de Magistrados y Funcionarios de los Ministerios P\u00fablicos\u201d.<\/p>\n<p>El proyecto tambi\u00e9n dispone cambios en relaci\u00f3n a la composici\u00f3n del cuerpo de acad\u00e9micos con el fin de jerarquizar la profesionalidad, calidad t\u00e9cnica y especializaci\u00f3n con la participaci\u00f3n de las universidades.<\/p>\n<p>Adem\u00e1s, introduce modificaciones al procedimiento de inscripci\u00f3n, notificaciones e impugnaciones para lograr m\u00e1s agilidad y celeridad en los concursos sin menoscabar el derecho de control y defensa de cada postulante.<\/p>\n","protected":false},"excerpt":{"rendered":"<p>Tras el receso, la C\u00e1mara de Diputados de la Provincia reanuda su actividad legislativa con una reuni\u00f3n de comisi\u00f3n en la que se abordar\u00e1 el proyecto de reforma del Consejo de la Magistratura que impulsa el gobernador Frigerio &nbsp; &nbsp; Este mi\u00e9rcoles a las 10 se reunir\u00e1 la Comisi\u00f3n de Asuntos Constitucionales de la C\u00e1mara de Diputados con el fin de dar inicio al debate sobre el proyecto que introduce reformas en el Consejo de la Magistratura, que fue presentado en diciembre por el Poder Ejecutivo. El encuentro se llevar\u00e1&#8230;<\/p>\n","protected":false},"author":3,"featured_media":113525,"comment_status":"closed","ping_status":"closed","sticky":false,"template":"","format":"standard","meta":[],"categories":[15],"tags":[],"_links":{"self":[{"href":"https:\/\/www.actualidadadiario.com\/index.php\/wp-json\/wp\/v2\/posts\/124641"}],"collection":[{"href":"https:\/\/www.actualidadadiario.com\/index.php\/wp-json\/wp\/v2\/posts"}],"about":[{"href":"https:\/\/www.actualidadadiario.com\/index.php\/wp-json\/wp\/v2\/types\/post"}],"author":[{"embeddable":true,"href":"https:\/\/www.actualidadadiario.com\/index.php\/wp-json\/wp\/v2\/users\/3"}],"replies":[{"embeddable":true,"href":"https:\/\/www.actualidadadiario.com\/index.php\/wp-json\/wp\/v2\/comments?post=124641"}],"version-history":[{"count":1,"href":"https:\/\/www.actualidadadiario.com\/index.php\/wp-json\/wp\/v2\/posts\/124641\/revisions"}],"predecessor-version":[{"id":124642,"href":"https:\/\/www.actualidadadiario.com\/index.php\/wp-json\/wp\/v2\/posts\/124641\/revisions\/124642"}],"wp:featuredmedia":[{"embeddable":true,"href":"https:\/\/www.actualidadadiario.com\/index.php\/wp-json\/wp\/v2\/media\/113525"}],"wp:attachment":[{"href":"https:\/\/www.actualidadadiario.com\/index.php\/wp-json\/wp\/v2\/media?parent=124641"}],"wp:term":[{"taxonomy":"category","embeddable":true,"href":"https:\/\/www.actualidadadiario.com\/index.php\/wp-json\/wp\/v2\/categories?post=124641"},{"taxonomy":"post_tag","embeddable":true,"href":"https:\/\/www.actualidadadiario.com\/index.php\/wp-json\/wp\/v2\/tags?post=124641"}],"curies":[{"name":"wp","href":"https:\/\/api.w.org\/{rel}","templated":true}]}}