{"id":124639,"date":"2025-02-04T10:43:02","date_gmt":"2025-02-04T13:43:02","guid":{"rendered":"https:\/\/www.actualidadadiario.com\/?p=124639"},"modified":"2025-02-04T10:43:02","modified_gmt":"2025-02-04T13:43:02","slug":"este-miercoles-habra-reuniones-de-comision-en-el-senado","status":"publish","type":"post","link":"https:\/\/www.actualidadadiario.com\/index.php\/2025\/02\/04\/este-miercoles-habra-reuniones-de-comision-en-el-senado\/","title":{"rendered":"Este mi\u00e9rcoles habr\u00e1 reuniones de Comisi\u00f3n en el Senado"},"content":{"rendered":"<p style=\"text-align: center;\"><em><strong>Este 5 de febrero los senadores continuar\u00e1n el tratamiento al proyecto de Reforma del C\u00f3digo Fiscal. Adem\u00e1s, la Comisi\u00f3n de Asuntos Constitucionales y Acuerdos abordar\u00e1 acuerdos pendientes<\/strong><\/em><\/p>\n<p>&nbsp;<\/p>\n<p>&nbsp;<\/p>\n<p>A las 10:30 horas, se llevar\u00e1 a cabo una reuni\u00f3n conjunta de las Comisiones de Presupuesto y Hacienda y de Legislaci\u00f3n General en la Sala de Comisiones de la Honorable C\u00e1mara de Senadores, donde continuar\u00e1n el debate sobre el expediente N\u00b0 27.856, un proyecto de Ley de autor\u00eda del Poder Ejecutivo por el que se modifican Art\u00edculos del C\u00f3digo Fiscal (T.O. 2022).<\/p>\n<p>Luego, a partir de las 12 horas, la Comisi\u00f3n de Asuntos Constitucionales y Acuerdos trabajar\u00e1n sobre acuerdos pendientes en Comisi\u00f3n.<\/p>\n","protected":false},"excerpt":{"rendered":"<p>Este 5 de febrero los senadores continuar\u00e1n el tratamiento al proyecto de Reforma del C\u00f3digo Fiscal. Adem\u00e1s, la Comisi\u00f3n de Asuntos Constitucionales y Acuerdos abordar\u00e1 acuerdos pendientes &nbsp; &nbsp; A las 10:30 horas, se llevar\u00e1 a cabo una reuni\u00f3n conjunta de las Comisiones de Presupuesto y Hacienda y de Legislaci\u00f3n General en la Sala de Comisiones de la Honorable C\u00e1mara de Senadores, donde continuar\u00e1n el debate sobre el expediente N\u00b0 27.856, un proyecto de Ley de autor\u00eda del Poder Ejecutivo por el que se modifican Art\u00edculos del C\u00f3digo Fiscal (T.O&#8230;.<\/p>\n","protected":false},"author":3,"featured_media":122561,"comment_status":"closed","ping_status":"closed","sticky":false,"template":"","format":"standard","meta":[],"categories":[15],"tags":[],"_links":{"self":[{"href":"https:\/\/www.actualidadadiario.com\/index.php\/wp-json\/wp\/v2\/posts\/124639"}],"collection":[{"href":"https:\/\/www.actualidadadiario.com\/index.php\/wp-json\/wp\/v2\/posts"}],"about":[{"href":"https:\/\/www.actualidadadiario.com\/index.php\/wp-json\/wp\/v2\/types\/post"}],"author":[{"embeddable":true,"href":"https:\/\/www.actualidadadiario.com\/index.php\/wp-json\/wp\/v2\/users\/3"}],"replies":[{"embeddable":true,"href":"https:\/\/www.actualidadadiario.com\/index.php\/wp-json\/wp\/v2\/comments?post=124639"}],"version-history":[{"count":1,"href":"https:\/\/www.actualidadadiario.com\/index.php\/wp-json\/wp\/v2\/posts\/124639\/revisions"}],"predecessor-version":[{"id":124640,"href":"https:\/\/www.actualidadadiario.com\/index.php\/wp-json\/wp\/v2\/posts\/124639\/revisions\/124640"}],"wp:featuredmedia":[{"embeddable":true,"href":"https:\/\/www.actualidadadiario.com\/index.php\/wp-json\/wp\/v2\/media\/122561"}],"wp:attachment":[{"href":"https:\/\/www.actualidadadiario.com\/index.php\/wp-json\/wp\/v2\/media?parent=124639"}],"wp:term":[{"taxonomy":"category","embeddable":true,"href":"https:\/\/www.actualidadadiario.com\/index.php\/wp-json\/wp\/v2\/categories?post=124639"},{"taxonomy":"post_tag","embeddable":true,"href":"https:\/\/www.actualidadadiario.com\/index.php\/wp-json\/wp\/v2\/tags?post=124639"}],"curies":[{"name":"wp","href":"https:\/\/api.w.org\/{rel}","templated":true}]}}