{"id":124636,"date":"2025-02-04T10:42:19","date_gmt":"2025-02-04T13:42:19","guid":{"rendered":"https:\/\/www.actualidadadiario.com\/?p=124636"},"modified":"2025-02-04T10:42:19","modified_gmt":"2025-02-04T13:42:19","slug":"hay-alerta-por-tormentas-para-parte-de-entre-rios","status":"publish","type":"post","link":"https:\/\/www.actualidadadiario.com\/index.php\/2025\/02\/04\/hay-alerta-por-tormentas-para-parte-de-entre-rios\/","title":{"rendered":"Hay alerta por tormentas para parte de Entre R\u00edos"},"content":{"rendered":"<p style=\"text-align: center;\"><em><strong>El Servicio Meteorol\u00f3gico Nacional emiti\u00f3 alertas por tormentas fuertes que afectar\u00edan el sur de Entre R\u00edos desde este mi\u00e9rcoles. Se esperan r\u00e1fagas de hasta 75 km\/h, posible ca\u00edda de granizo y abundante lluvia en cortos per\u00edodos<\/strong><\/em><\/p>\n<p>&nbsp;<\/p>\n<p>&nbsp;<\/p>\n<p>En Entre R\u00edos el sistema de alerta incluye a los departamentos de Col\u00f3n, Gualeguaych\u00fa, Islas del Ibicuy, Tala, Uruguay, Gualeguay y Victoria.<\/p>\n<p>Las tormentas vendr\u00e1n con r\u00e1fagas de viento que podr\u00edan alcanzar los 75 km\/h, posiblemente caer\u00e1 granizo, habr\u00e1 fuerte actividad el\u00e9ctrica y especialmente abundante ca\u00edda de agua en cortos per\u00edodos<\/p>\n<p>Se prev\u00e9n \u201cvalores de precipitaci\u00f3n acumulada entre 40 y 60 mm, pudiendo ser superados en forma puntual\u201d.<\/p>\n","protected":false},"excerpt":{"rendered":"<p>El Servicio Meteorol\u00f3gico Nacional emiti\u00f3 alertas por tormentas fuertes que afectar\u00edan el sur de Entre R\u00edos desde este mi\u00e9rcoles. Se esperan r\u00e1fagas de hasta 75 km\/h, posible ca\u00edda de granizo y abundante lluvia en cortos per\u00edodos &nbsp; &nbsp; En Entre R\u00edos el sistema de alerta incluye a los departamentos de Col\u00f3n, Gualeguaych\u00fa, Islas del Ibicuy, Tala, Uruguay, Gualeguay y Victoria. Las tormentas vendr\u00e1n con r\u00e1fagas de viento que podr\u00edan alcanzar los 75 km\/h, posiblemente caer\u00e1 granizo, habr\u00e1 fuerte actividad el\u00e9ctrica y especialmente abundante ca\u00edda de agua en cortos per\u00edodos Se&#8230;<\/p>\n","protected":false},"author":3,"featured_media":124637,"comment_status":"closed","ping_status":"closed","sticky":false,"template":"","format":"standard","meta":[],"categories":[15],"tags":[],"_links":{"self":[{"href":"https:\/\/www.actualidadadiario.com\/index.php\/wp-json\/wp\/v2\/posts\/124636"}],"collection":[{"href":"https:\/\/www.actualidadadiario.com\/index.php\/wp-json\/wp\/v2\/posts"}],"about":[{"href":"https:\/\/www.actualidadadiario.com\/index.php\/wp-json\/wp\/v2\/types\/post"}],"author":[{"embeddable":true,"href":"https:\/\/www.actualidadadiario.com\/index.php\/wp-json\/wp\/v2\/users\/3"}],"replies":[{"embeddable":true,"href":"https:\/\/www.actualidadadiario.com\/index.php\/wp-json\/wp\/v2\/comments?post=124636"}],"version-history":[{"count":1,"href":"https:\/\/www.actualidadadiario.com\/index.php\/wp-json\/wp\/v2\/posts\/124636\/revisions"}],"predecessor-version":[{"id":124638,"href":"https:\/\/www.actualidadadiario.com\/index.php\/wp-json\/wp\/v2\/posts\/124636\/revisions\/124638"}],"wp:featuredmedia":[{"embeddable":true,"href":"https:\/\/www.actualidadadiario.com\/index.php\/wp-json\/wp\/v2\/media\/124637"}],"wp:attachment":[{"href":"https:\/\/www.actualidadadiario.com\/index.php\/wp-json\/wp\/v2\/media?parent=124636"}],"wp:term":[{"taxonomy":"category","embeddable":true,"href":"https:\/\/www.actualidadadiario.com\/index.php\/wp-json\/wp\/v2\/categories?post=124636"},{"taxonomy":"post_tag","embeddable":true,"href":"https:\/\/www.actualidadadiario.com\/index.php\/wp-json\/wp\/v2\/tags?post=124636"}],"curies":[{"name":"wp","href":"https:\/\/api.w.org\/{rel}","templated":true}]}}