{"id":124620,"date":"2025-01-31T17:45:58","date_gmt":"2025-01-31T20:45:58","guid":{"rendered":"https:\/\/www.actualidadadiario.com\/?p=124620"},"modified":"2025-01-31T17:46:20","modified_gmt":"2025-01-31T20:46:20","slug":"ucr-activa-condeno-el-cobro-de-los-adicionales-de-los-impuestos-automotor-e-inmobiliario-retroactivamente","status":"publish","type":"post","link":"https:\/\/www.actualidadadiario.com\/index.php\/2025\/01\/31\/ucr-activa-condeno-el-cobro-de-los-adicionales-de-los-impuestos-automotor-e-inmobiliario-retroactivamente\/","title":{"rendered":"UCR Activa \u201cconden\u00f3\u201d el cobro de los adicionales de los impuestos automotor e inmobiliario retroactivamente"},"content":{"rendered":"<p style=\"text-align: center;\"><em><strong>El espacio pol\u00edtico sostiene que la ley no se prorrog\u00f3 en 2024 y denuncia que este a\u00f1o el Gobierno provincial \u201cpretende, violentando el principio de irretroactividad de la ley consagrado por nuestro C\u00f3digo Civil y Comercial, se ratifique el adicional impositivo cobrado\u201d. A su vez solicit\u00f3 al gobernador que reintegre lo cobrado ya que si no lo realiza \u201cser\u00eda pasible de un juicio pol\u00edtico\u201d<\/strong><\/em><\/p>\n<p>&nbsp;<\/p>\n<p>&nbsp;<\/p>\n<p><strong>Comunicado completo<\/strong><\/p>\n<p><em>Desde este espacio pol\u00edtico interno de la UCR, condenamos enf\u00e1tica y en\u00e9rgicamente este verdadero desaguisado jur\u00eddico y tributario, perge\u00f1ado con inusual desprecio a las leyes,\u00a0 por el actual gobierno de Entre R\u00edos, encabezado por el licenciado en econom\u00eda, Rogelio Frigerio, que pretende ratificar retroactivamente, el cobro de los adicionales de los impuestos automotor e inmobiliario, sin la obligatoria sanci\u00f3n de la ley previa de la legislatura que le da sost\u00e9n y que es la \u00fanica forma republicana y constitucional de sancionar la vigencia y el cobro de tributos en el mundo civilizado. <\/em><\/p>\n<p><em>Sucedi\u00f3 que este adicional se ven\u00eda cobrando desde el a\u00f1o 2013 y desde ese momento hasta diciembre de 2023, fue siendo sucesivamente prorrogado a trav\u00e9s de la sanci\u00f3n de las leyes respectivas, votadas en ambas c\u00e1maras de la legislatura entrerriana.<\/em><\/p>\n<p><em>Durante el 2024 a nadie del equipo de gobierno, ni siquiera a alguno de los cerebros importados de CABA, se les ocurri\u00f3 ni percataron que se deb\u00eda prorrogar por ley esos adicionales impositivos si se pretend\u00eda el cobro de modo regular (i.e., legal) de las gabelas correspondientes, ajustado ello a la letra de la Constituci\u00f3n y al inveterado principio \u201cNullum tributum sine lege praevia\u201d (no hay tributo sin ley previa), una cuesti\u00f3n de t\u00e9cnica tributaria muy b\u00e1sica y elemental que ning\u00fan abogado, economista o contador p\u00fablico puede desconocer y menos a\u00fan violentar. <\/em><\/p>\n<p><em>As\u00ed las cosas, por olvido, impericia o indolencia de los funcionarios, sobre todo de los que ocupan cargos en la ATER, se cobraron estos adicionales a los contribuyentes entrerrianos SIN LEY PREVIA que les diera sost\u00e9n de legalidad, por lo cual y siendo concretos, ese pago durante el ejercicio 2024 fue ileg\u00edtimo, ilegal y por ende inconstitucional. Constituy\u00f3, por decirlo de alguna manera y como lo ha sostenido nuestra Corte Suprema de Justicia de la Naci\u00f3n, un grosero e inexcusable acto de confiscaci\u00f3n del patrimonio de los contribuyentes, sino tambi\u00e9n, derechamente, una exacci\u00f3n ilegal. <\/em><\/p>\n<p><em>Como si fuera poco y exorbitando todo l\u00edmite de lo razonable, racional y legal, el gobernador Frigerio pretende con inusitado descaro y delet\u00e9rea irresponsabilidad, que en este a\u00f1o 2025, violentando el principio de irretroactividad de la ley consagrado por nuestro C\u00f3digo Civil y Comercial, se ratifique el adicional impositivo cobrado sin ley previa durante el ejercicio 2024, sino que adem\u00e1s se prorrogue hasta el 2025, teniendo hasta ahora el voto favorable de los irresponsables diputados que acompa\u00f1aron &#8211; por amanuenses, ignorantes o irresponsables- este infausto monumento a la ilegalidad, al que algunos exquisitos del derecho tributario, no exentos de raz\u00f3n, llaman un acto de lesa constitucionalidad, ya que al pretender blanquear un cobro indebido e ilegal, se tortura la carta magna y a la par la m\u00e1s rica doctrina judicial en esta materia, como tambi\u00e9n normas del derecho internacional, todo lo cual conforma el bloque de constitucionalidad. <\/em><\/p>\n<p><em>Esperamos y deseamos que el gobernador reflexione sobre esta grav\u00edsima cuesti\u00f3n y decida alguno de los dos caminos posibles para retornar a la legalidad y transparencia tantas veces declamada por Frigerio y sus portavoces: reintegra las sumas cobradas indebidamente a los contribuyentes o bien, quiz\u00e1s el mejor y m\u00e1s posible camino, aplica una compensaci\u00f3n entre esa suma que fungir\u00eda de cr\u00e9dito y las nuevas deudas impositivas. <\/em><\/p>\n<p><em>Caso contrario y de insistir en esta descabellada y antijur\u00eddica idea, el gobernador ser\u00eda pasible de un juicio pol\u00edtico y de una denuncia penal por la comisi\u00f3n de variopintos delitos de enorme gravedad. <\/em><\/p>\n<p><em>Cada d\u00eda que pasa, a juzgar por los resultados concretos, la ficha se ensucia m\u00e1s y este gobierno, est\u00e1 cada d\u00eda m\u00e1s lejos de ser el gobierno m\u00e1s transparente de la historia. <\/em><\/p>\n<p><em>Sr. Gobernador, dicho con todo respeto, recuerde usted que en alg\u00fan tiempo ser\u00e1 juzgado m\u00e1s que por lo que dijo y prometi\u00f3, por lo que realmente hizo o dej\u00f3 de hacer. <\/em><\/p>\n<p><em>De igual modo, instamos a los se\u00f1ores senadores y se\u00f1oras senadoras, a no dar aprobaci\u00f3n a este inconstitucional proyecto, el que de ser aprobado por ustedes, convertir\u00e1 a cada senador o senadora que lo hizo, en corresponsable de una acci\u00f3n claramente contraria a las normas, haci\u00e9ndolos ingresar al terreno de lo delictual.<\/em><\/p>\n","protected":false},"excerpt":{"rendered":"<p>El espacio pol\u00edtico sostiene que la ley no se prorrog\u00f3 en 2024 y denuncia que este a\u00f1o el Gobierno provincial \u201cpretende, violentando el principio de irretroactividad de la ley consagrado por nuestro C\u00f3digo Civil y Comercial, se ratifique el adicional impositivo cobrado\u201d. A su vez solicit\u00f3 al gobernador que reintegre lo cobrado ya que si no lo realiza \u201cser\u00eda pasible de un juicio pol\u00edtico\u201d &nbsp; &nbsp; Comunicado completo Desde este espacio pol\u00edtico interno de la UCR, condenamos enf\u00e1tica y en\u00e9rgicamente este verdadero desaguisado jur\u00eddico y tributario, perge\u00f1ado con inusual desprecio&#8230;<\/p>\n","protected":false},"author":3,"featured_media":124474,"comment_status":"closed","ping_status":"closed","sticky":false,"template":"","format":"standard","meta":[],"categories":[15],"tags":[],"_links":{"self":[{"href":"https:\/\/www.actualidadadiario.com\/index.php\/wp-json\/wp\/v2\/posts\/124620"}],"collection":[{"href":"https:\/\/www.actualidadadiario.com\/index.php\/wp-json\/wp\/v2\/posts"}],"about":[{"href":"https:\/\/www.actualidadadiario.com\/index.php\/wp-json\/wp\/v2\/types\/post"}],"author":[{"embeddable":true,"href":"https:\/\/www.actualidadadiario.com\/index.php\/wp-json\/wp\/v2\/users\/3"}],"replies":[{"embeddable":true,"href":"https:\/\/www.actualidadadiario.com\/index.php\/wp-json\/wp\/v2\/comments?post=124620"}],"version-history":[{"count":3,"href":"https:\/\/www.actualidadadiario.com\/index.php\/wp-json\/wp\/v2\/posts\/124620\/revisions"}],"predecessor-version":[{"id":124623,"href":"https:\/\/www.actualidadadiario.com\/index.php\/wp-json\/wp\/v2\/posts\/124620\/revisions\/124623"}],"wp:featuredmedia":[{"embeddable":true,"href":"https:\/\/www.actualidadadiario.com\/index.php\/wp-json\/wp\/v2\/media\/124474"}],"wp:attachment":[{"href":"https:\/\/www.actualidadadiario.com\/index.php\/wp-json\/wp\/v2\/media?parent=124620"}],"wp:term":[{"taxonomy":"category","embeddable":true,"href":"https:\/\/www.actualidadadiario.com\/index.php\/wp-json\/wp\/v2\/categories?post=124620"},{"taxonomy":"post_tag","embeddable":true,"href":"https:\/\/www.actualidadadiario.com\/index.php\/wp-json\/wp\/v2\/tags?post=124620"}],"curies":[{"name":"wp","href":"https:\/\/api.w.org\/{rel}","templated":true}]}}