{"id":124529,"date":"2025-01-29T12:08:46","date_gmt":"2025-01-29T15:08:46","guid":{"rendered":"https:\/\/www.actualidadadiario.com\/?p=124529"},"modified":"2025-01-29T12:08:46","modified_gmt":"2025-01-29T15:08:46","slug":"impulsan-en-diputados-proyectos-que-apuntan-a-la-inclusion-de-personas-con-discapacidad","status":"publish","type":"post","link":"https:\/\/www.actualidadadiario.com\/index.php\/2025\/01\/29\/impulsan-en-diputados-proyectos-que-apuntan-a-la-inclusion-de-personas-con-discapacidad\/","title":{"rendered":"Impulsan en Diputados proyectos que apuntan a la inclusi\u00f3n de personas con discapacidad"},"content":{"rendered":"<p style=\"text-align: center;\"><em><strong>La diputada provincial Liliana Salinas (Partido Conservador Popular) coment\u00f3 cu\u00e1les ser\u00e1n los ejes de su trabajo durante 2025. Especialmente, espera que se d\u00e9 tratamiento a sus iniciativas en beneficio de las personas con discapacidad. Educaci\u00f3n y salud, entre sus prioridades<\/strong><\/em><\/p>\n<p>&nbsp;<\/p>\n<p>&nbsp;<\/p>\n<p>\u201cTengo el deseo de que se puedan trabajar en comisi\u00f3n los proyectos que hemos presentado el a\u00f1o pasado. Tengo proyectos de inclusi\u00f3n, de salud, de discapacidad\u201d, dijo la legisladora sobre las expectativas. \u201cEl a\u00f1o pasado fue at\u00edpico y dif\u00edcil. Hab\u00eda que darle prioridad a las iniciativas del Ejecutivo, que eran necesarias\u201d, agreg\u00f3.<\/p>\n<p>A su vez, sostuvo: \u201cVamos a seguir acompa\u00f1ando y haciendo mucho territorio. Sin duda que para eso estamos y queremos seguir siendo el nexo entre el gobierno y el pueblo\u201d.<\/p>\n<p>Acerca de sus propuestas, dijo que \u201capuntan mucho a la educaci\u00f3n, que es una de las falencias m\u00e1s grandes que existen en el tema de la inclusi\u00f3n\u201d. Ejemplific\u00f3 que \u201clas escuelas no est\u00e1n preparadas, no hay ba\u00f1os adecuados y tienen escaleras, por ejemplo\u201d.<\/p>\n<p>\u201cLos chicos con autismo, muchas veces cuando tienen crisis por el mismo barullo y la vor\u00e1gine de la escuela, se ponen mal y hay que retirarlos. Entonces, ser\u00eda excelente que tuvieran contenci\u00f3n en la instituci\u00f3n, porque la crisis de los chicos con autismo es un ratito. Solamente necesitan un poquito de silencio y vuelven a integrarse. Muchas veces no tiene sentido que pierdan una ma\u00f1ana de clases\u201d, continu\u00f3, en declaraciones a Radio Diputados.<\/p>\n<p>En ese marco, record\u00f3 que present\u00f3 un proyecto de ley que tiene el objeto establecer la capacitaci\u00f3n docente obligatoria en discapacidad para todos los niveles educativos en la provincia, con el fin de garantizar una educaci\u00f3n inclusiva y equitativa.<\/p>\n","protected":false},"excerpt":{"rendered":"<p>La diputada provincial Liliana Salinas (Partido Conservador Popular) coment\u00f3 cu\u00e1les ser\u00e1n los ejes de su trabajo durante 2025. Especialmente, espera que se d\u00e9 tratamiento a sus iniciativas en beneficio de las personas con discapacidad. Educaci\u00f3n y salud, entre sus prioridades &nbsp; &nbsp; \u201cTengo el deseo de que se puedan trabajar en comisi\u00f3n los proyectos que hemos presentado el a\u00f1o pasado. Tengo proyectos de inclusi\u00f3n, de salud, de discapacidad\u201d, dijo la legisladora sobre las expectativas. \u201cEl a\u00f1o pasado fue at\u00edpico y dif\u00edcil. Hab\u00eda que darle prioridad a las iniciativas del Ejecutivo,&#8230;<\/p>\n","protected":false},"author":3,"featured_media":124530,"comment_status":"closed","ping_status":"closed","sticky":false,"template":"","format":"standard","meta":[],"categories":[15],"tags":[],"_links":{"self":[{"href":"https:\/\/www.actualidadadiario.com\/index.php\/wp-json\/wp\/v2\/posts\/124529"}],"collection":[{"href":"https:\/\/www.actualidadadiario.com\/index.php\/wp-json\/wp\/v2\/posts"}],"about":[{"href":"https:\/\/www.actualidadadiario.com\/index.php\/wp-json\/wp\/v2\/types\/post"}],"author":[{"embeddable":true,"href":"https:\/\/www.actualidadadiario.com\/index.php\/wp-json\/wp\/v2\/users\/3"}],"replies":[{"embeddable":true,"href":"https:\/\/www.actualidadadiario.com\/index.php\/wp-json\/wp\/v2\/comments?post=124529"}],"version-history":[{"count":1,"href":"https:\/\/www.actualidadadiario.com\/index.php\/wp-json\/wp\/v2\/posts\/124529\/revisions"}],"predecessor-version":[{"id":124531,"href":"https:\/\/www.actualidadadiario.com\/index.php\/wp-json\/wp\/v2\/posts\/124529\/revisions\/124531"}],"wp:featuredmedia":[{"embeddable":true,"href":"https:\/\/www.actualidadadiario.com\/index.php\/wp-json\/wp\/v2\/media\/124530"}],"wp:attachment":[{"href":"https:\/\/www.actualidadadiario.com\/index.php\/wp-json\/wp\/v2\/media?parent=124529"}],"wp:term":[{"taxonomy":"category","embeddable":true,"href":"https:\/\/www.actualidadadiario.com\/index.php\/wp-json\/wp\/v2\/categories?post=124529"},{"taxonomy":"post_tag","embeddable":true,"href":"https:\/\/www.actualidadadiario.com\/index.php\/wp-json\/wp\/v2\/tags?post=124529"}],"curies":[{"name":"wp","href":"https:\/\/api.w.org\/{rel}","templated":true}]}}