{"id":124526,"date":"2025-01-29T12:07:22","date_gmt":"2025-01-29T15:07:22","guid":{"rendered":"https:\/\/www.actualidadadiario.com\/?p=124526"},"modified":"2025-01-29T12:07:22","modified_gmt":"2025-01-29T15:07:22","slug":"de-angeli-una-piedra-en-el-zapato-para-la-alianza-del-pro-y-la-libertad-avanza-en-entre-rios","status":"publish","type":"post","link":"https:\/\/www.actualidadadiario.com\/index.php\/2025\/01\/29\/de-angeli-una-piedra-en-el-zapato-para-la-alianza-del-pro-y-la-libertad-avanza-en-entre-rios\/","title":{"rendered":"De Angeli, una piedra en el zapato para la alianza del PRO y La Libertad Avanza en Entre R\u00edos"},"content":{"rendered":"<p style=\"text-align: center;\"><em><strong>El flamante jefe amarillo del Senado termina su mandato y quiere seguir. El entorno de Frigerio evita hablar de listas. El mile\u00edsmo pide recambio de nombres<\/strong><\/em><\/p>\n<p>&nbsp;<\/p>\n<p>&nbsp;<\/p>\n<p>La elecci\u00f3n de Alfredo de Angeli como presidente del bloque PRO en el Senado en reemplazo Luis Juez adelanta especulaciones en Entre R\u00edos por la candidatura para la c\u00e1mara alta. Cerca de Rogelio Frigerio evitan hablar de nombres. El dirigente que salt\u00f3 a la pol\u00edtica nacional la protesta agraria de 2008 quiere un tercer mandato, pero La Libertad Avanza lo tacha.<\/p>\n<p>Cerca del senador aseguran que no es el momento de hablar de candidatos y menos que menos de la suya. Sin embargo trabajan para no abandonar el lugar al que llegaron en 2013. Dicen que el senador hace un buen trabajo y que ya alcanz\u00f3 un respeto considerable como legislador, adem\u00e1s de tener banca en la c\u00fapula del poder amarillo.<\/p>\n<p>De Angeli re\u00fane condiciones para dar la pelea si es que finalmente los libertarios y el PRO sellan una alianza. Aunque no es del grupo de gesti\u00f3n, tiene una muy buena relaci\u00f3n con Frigerio, es leal a rajatablas a Mauricio Macri y, con matices, no duda defender en rumbo que forj\u00f3 Javier Milei desde que es presidente. Sin embargo, en los reparos llegan desde el espacio m\u00e1s identificado con el Presidente.<\/p>\n<p>&nbsp;<\/p>\n<p><strong>Qu\u00e9 se dice en el gobierno de Rogelio Frigerio<\/strong><\/p>\n<p>En la mesa de discusi\u00f3n pol\u00edtica de Frigerio se cuidan de hablar de nombres para las elecciones que se avecinan y que en la provincia van a poner cinco diputados y los tres senadores. \u201cNosotros no hablamos de candidaturas. Nunca\u201d, marcan.<\/p>\n<p>La explicaci\u00f3n es que todav\u00eda no termin\u00f3 enero y, por ello, es muy pronto. Adem\u00e1s, la gesti\u00f3n insume toda la energ\u00eda, por lo que no se est\u00e1 promoviendo, a\u00fan, un debate que apunte a definir nombres propios para las listas.<\/p>\n<p>De todos modos, a De Angeli le reconocen \u201ctrabajo y compromiso\u201d y destacan que su elecci\u00f3n como jefe de la bancada es fruto de ello en una decisi\u00f3n tomada por sus pares de bloque.<\/p>\n<p>&nbsp;<\/p>\n<p><strong>La Libertad Avanza Entre R\u00edos ya le puso un freno<\/strong><\/p>\n<p>Luego de ser elegido oficialmente como titular de La Libertad Avanza en la provincia, Andr\u00e9s Laumann, fue el encargado de ponerle un freno a De Angeli.<\/p>\n<p>\u201cHay que prestar atenci\u00f3n porque hoy el electorado no est\u00e1 cautivo, y las personas emergentes con un perfil totalmente diferente a la pol\u00edtica, creo que cotizan mucho m\u00e1s que cualquiera que viene de la pol\u00edtica desde hace mucho\u201d, prolog\u00f3 y enseguida se despach\u00f3: \u201cEscucho por ah\u00ed otra vez (Alfredo) De \u00c1ngeli y desde el 2013, ahora, \u00bfno hay un recambio de un legislador?\u201d.<\/p>\n<p>As\u00ed, lo que hace dos d\u00edas pod\u00eda leerse como una t\u00edpica declaraci\u00f3n anti casta hoy cobra, de este modo, un sentido distinto. Aunque en la provincia los dirigentes libertarios reconocen que las definiciones se toman en Casa Rosada y aqu\u00ed se allanan a ellas el aviso fue dicho. \u201cNuestro perfil y nuestra motivaci\u00f3n hoy es buscar cuadros pol\u00edticos, y no tienen que ser pol\u00edticos\u201d, sintetiz\u00f3 Laumann en declaraciones a Malos Perdedores por Radio Costa Paran\u00e1.<\/p>\n<p>&nbsp;<\/p>\n<p><strong>La historia de De Angeli<\/strong><\/p>\n<p>El v\u00ednculo entre Frigerio y De Angeli, como tantos otros en el \u00e1mbito pol\u00edtico, excede la pol\u00edtica y hoy es una relaci\u00f3n personal que se forj\u00f3 durante muchos a\u00f1os de trabajo conjunto. Se conocen desde que el entonces dirigente agrario decidi\u00f3 zambullirse en la pol\u00edtica partidaria y el hoy mandatario provincial hac\u00eda sus primeras arma en el territorio.<\/p>\n<p>Como legislador De Angeli supo en este tiempo no embanderarse con los trapos libertarios pero aclarar, en p\u00fablico y en privado, que avala y comparte el rumbo ideol\u00f3gico de la Casa Rosada. Sobre todo explora el perfil profundamente antikircherista con un libreto que puli\u00f3 desde sus diatribas cortando rutas en 2008 a discursos m\u00e1s templados desde su banca.<\/p>\n<p>Cuenta con el respaldo total de Macri, que lo promovi\u00f3 en 2013 cuando fue electo por primera y lo respald\u00f3 en 2019 para repetir. Incluso lo bancaron en diciembre, cuando vot\u00f3 en contra de expulsar a Edgardo Kueider, quedando en claro offside. La inc\u00f3gnita a despejar es si puede ser prenda de unidad entre el PRO y el mileismo.<\/p>\n","protected":false},"excerpt":{"rendered":"<p>El flamante jefe amarillo del Senado termina su mandato y quiere seguir. El entorno de Frigerio evita hablar de listas. El mile\u00edsmo pide recambio de nombres &nbsp; &nbsp; La elecci\u00f3n de Alfredo de Angeli como presidente del bloque PRO en el Senado en reemplazo Luis Juez adelanta especulaciones en Entre R\u00edos por la candidatura para la c\u00e1mara alta. Cerca de Rogelio Frigerio evitan hablar de nombres. El dirigente que salt\u00f3 a la pol\u00edtica nacional la protesta agraria de 2008 quiere un tercer mandato, pero La Libertad Avanza lo tacha. Cerca&#8230;<\/p>\n","protected":false},"author":3,"featured_media":124527,"comment_status":"closed","ping_status":"closed","sticky":false,"template":"","format":"standard","meta":[],"categories":[15],"tags":[],"_links":{"self":[{"href":"https:\/\/www.actualidadadiario.com\/index.php\/wp-json\/wp\/v2\/posts\/124526"}],"collection":[{"href":"https:\/\/www.actualidadadiario.com\/index.php\/wp-json\/wp\/v2\/posts"}],"about":[{"href":"https:\/\/www.actualidadadiario.com\/index.php\/wp-json\/wp\/v2\/types\/post"}],"author":[{"embeddable":true,"href":"https:\/\/www.actualidadadiario.com\/index.php\/wp-json\/wp\/v2\/users\/3"}],"replies":[{"embeddable":true,"href":"https:\/\/www.actualidadadiario.com\/index.php\/wp-json\/wp\/v2\/comments?post=124526"}],"version-history":[{"count":1,"href":"https:\/\/www.actualidadadiario.com\/index.php\/wp-json\/wp\/v2\/posts\/124526\/revisions"}],"predecessor-version":[{"id":124528,"href":"https:\/\/www.actualidadadiario.com\/index.php\/wp-json\/wp\/v2\/posts\/124526\/revisions\/124528"}],"wp:featuredmedia":[{"embeddable":true,"href":"https:\/\/www.actualidadadiario.com\/index.php\/wp-json\/wp\/v2\/media\/124527"}],"wp:attachment":[{"href":"https:\/\/www.actualidadadiario.com\/index.php\/wp-json\/wp\/v2\/media?parent=124526"}],"wp:term":[{"taxonomy":"category","embeddable":true,"href":"https:\/\/www.actualidadadiario.com\/index.php\/wp-json\/wp\/v2\/categories?post=124526"},{"taxonomy":"post_tag","embeddable":true,"href":"https:\/\/www.actualidadadiario.com\/index.php\/wp-json\/wp\/v2\/tags?post=124526"}],"curies":[{"name":"wp","href":"https:\/\/api.w.org\/{rel}","templated":true}]}}