{"id":124523,"date":"2025-01-29T12:05:55","date_gmt":"2025-01-29T15:05:55","guid":{"rendered":"https:\/\/www.actualidadadiario.com\/?p=124523"},"modified":"2025-01-29T12:05:55","modified_gmt":"2025-01-29T15:05:55","slug":"en-medio-de-la-polemica-por-el-destino-de-los-excedentes-cafesg-detallo-obras-en-los-departamentos-federacion-y-uruguay","status":"publish","type":"post","link":"https:\/\/www.actualidadadiario.com\/index.php\/2025\/01\/29\/en-medio-de-la-polemica-por-el-destino-de-los-excedentes-cafesg-detallo-obras-en-los-departamentos-federacion-y-uruguay\/","title":{"rendered":"En medio de la pol\u00e9mica por el destino de los excedentes, CAFESG detall\u00f3 obras en los departamentos Federaci\u00f3n y Uruguay"},"content":{"rendered":"<p style=\"text-align: center;\"><em><strong>La Comisi\u00f3n Administradora para el Fondo Especial de Salto Grande (Cafesg), dando continuidad a los programas ejecutados en el 2024, en enero llam\u00f3 a licitaci\u00f3n para obras destinadas a la costa del Uruguay, por un monto mayor a 330 millones de pesos, seg\u00fan lo detalla un informe emanado del organismo<\/strong><\/em><\/p>\n<p>&nbsp;<\/p>\n<p>&nbsp;<\/p>\n<p>Aunque sin hacer referencia a la pol\u00e9mica, el comunicado de CAFESG se conoci\u00f3 apenas d\u00edas despu\u00e9s de que se supiera que el intendente de Federaci\u00f3n, Ricardo Bravo, hab\u00eda convocado a sus pares del departamento para \u201ctomar una postura referente a las intenciones de incorporar a Gualeguaych\u00fa como beneficiaria de los excedentes de Salto Grande\u201d.<\/p>\n<p>Volviendo al informe oficial, destaca que \u201cen el marco de la pol\u00edtica que lleva adelante el Gobierno de Entre R\u00edos a trav\u00e9s Cafesg, dependiente de la Secretar\u00eda General de la Gobernaci\u00f3n, a cargo de Mauricio Colello, entre el a\u00f1o 2024 y en enero del corriente se llam\u00f3 a licitaci\u00f3n para obras destinadas a refacciones de escuelas, establecimientos de salud, bacheo de rutas y reacondicionamiento de caminos rurales por un monto total de 2.324.846.993.98 pesos\u201d.<\/p>\n<p>Cumpliendo con el fin por el cual fue creada la Cafesg \u2013agrega el comunicado oficial-, que es destinar los fondos excedentes generados por el complejo hidroel\u00e9ctrico al desarrollo regional, en esta primera etapa las obras est\u00e1n destinadas a los departamentos Federaci\u00f3n y Uruguay.<\/p>\n<p>En tal sentido llam\u00f3 a licitaci\u00f3n p\u00fablica para las reparaciones en cubierta de techo y obras varias en la Escuela 64 Jos\u00e9 Hern\u00e1ndez de Federaci\u00f3n, por un monto de 181.169.388,10 pesos. La apertura de sobres se realizar\u00e1 el mi\u00e9rcoles 26 de febrero.<\/p>\n<p>Tambi\u00e9n llam\u00f3 a licitaci\u00f3n privada para mejoras varias en la Escuela N\u00ba 42-Pascual Pringles de Federaci\u00f3n, por un monto de 115.413.756,74 pesos. La apertura de sobres ser\u00e1 el mi\u00e9rcoles 5 de febrero.<\/p>\n<p>Del mismo modo convoc\u00f3 a concurso de precios para la obra de recambio de techos en los talleres de la Escuela de Educaci\u00f3n T\u00e9cnica 2 Francisco Ram\u00edrez de Concepci\u00f3n del Uruguay, con una inversi\u00f3n de 41.163.057,94 pesos. La apertura ser\u00e1 este jueves 30 de enero.<\/p>\n<p>Las tres obras totalizan 337.746.202,78 pesos, que sumado a lo invertido en el a\u00f1o 2024 alcanzan un valor de 2.324.846.993,98 pesos.<\/p>\n<p>Al respecto, Colello se\u00f1al\u00f3 que \u00abestas inversiones reflejan el compromiso del Gobierno de Entre R\u00edos con el desarrollo de la regi\u00f3n, mejorando la infraestructura educativa y de salud para fortalecer la calidad de vida de nuestros ciudadanos y optimizar los recursos de las comunidades\u00bb.<\/p>\n<p>Cabe se\u00f1alar que Cafesg invierte adem\u00e1s en educaci\u00f3n y salud para optimizar los servicios p\u00fablicos provinciales. En tal sentido, durante 2024 se realizaron 16 licitaciones con una inversi\u00f3n total que alcanz\u00f3 los 1.987.100.791,20 de pesos. Mientras que para 2.025 hay 27 obras reservadas entre reparaci\u00f3n de escuelas, hospitales, y otras como alcantarillas y bacheo.<\/p>\n","protected":false},"excerpt":{"rendered":"<p>La Comisi\u00f3n Administradora para el Fondo Especial de Salto Grande (Cafesg), dando continuidad a los programas ejecutados en el 2024, en enero llam\u00f3 a licitaci\u00f3n para obras destinadas a la costa del Uruguay, por un monto mayor a 330 millones de pesos, seg\u00fan lo detalla un informe emanado del organismo &nbsp; &nbsp; Aunque sin hacer referencia a la pol\u00e9mica, el comunicado de CAFESG se conoci\u00f3 apenas d\u00edas despu\u00e9s de que se supiera que el intendente de Federaci\u00f3n, Ricardo Bravo, hab\u00eda convocado a sus pares del departamento para \u201ctomar una postura&#8230;<\/p>\n","protected":false},"author":3,"featured_media":124524,"comment_status":"closed","ping_status":"closed","sticky":false,"template":"","format":"standard","meta":[],"categories":[15],"tags":[],"_links":{"self":[{"href":"https:\/\/www.actualidadadiario.com\/index.php\/wp-json\/wp\/v2\/posts\/124523"}],"collection":[{"href":"https:\/\/www.actualidadadiario.com\/index.php\/wp-json\/wp\/v2\/posts"}],"about":[{"href":"https:\/\/www.actualidadadiario.com\/index.php\/wp-json\/wp\/v2\/types\/post"}],"author":[{"embeddable":true,"href":"https:\/\/www.actualidadadiario.com\/index.php\/wp-json\/wp\/v2\/users\/3"}],"replies":[{"embeddable":true,"href":"https:\/\/www.actualidadadiario.com\/index.php\/wp-json\/wp\/v2\/comments?post=124523"}],"version-history":[{"count":1,"href":"https:\/\/www.actualidadadiario.com\/index.php\/wp-json\/wp\/v2\/posts\/124523\/revisions"}],"predecessor-version":[{"id":124525,"href":"https:\/\/www.actualidadadiario.com\/index.php\/wp-json\/wp\/v2\/posts\/124523\/revisions\/124525"}],"wp:featuredmedia":[{"embeddable":true,"href":"https:\/\/www.actualidadadiario.com\/index.php\/wp-json\/wp\/v2\/media\/124524"}],"wp:attachment":[{"href":"https:\/\/www.actualidadadiario.com\/index.php\/wp-json\/wp\/v2\/media?parent=124523"}],"wp:term":[{"taxonomy":"category","embeddable":true,"href":"https:\/\/www.actualidadadiario.com\/index.php\/wp-json\/wp\/v2\/categories?post=124523"},{"taxonomy":"post_tag","embeddable":true,"href":"https:\/\/www.actualidadadiario.com\/index.php\/wp-json\/wp\/v2\/tags?post=124523"}],"curies":[{"name":"wp","href":"https:\/\/api.w.org\/{rel}","templated":true}]}}