{"id":124521,"date":"2025-01-29T12:04:26","date_gmt":"2025-01-29T15:04:26","guid":{"rendered":"https:\/\/www.actualidadadiario.com\/?p=124521"},"modified":"2025-01-29T12:04:26","modified_gmt":"2025-01-29T15:04:26","slug":"fiestas-populares-y-carnavales-posicionan-a-entre-rios-sobre-la-media-nacional","status":"publish","type":"post","link":"https:\/\/www.actualidadadiario.com\/index.php\/2025\/01\/29\/fiestas-populares-y-carnavales-posicionan-a-entre-rios-sobre-la-media-nacional\/","title":{"rendered":"Fiestas populares y carnavales posicionan a Entre R\u00edos sobre la media nacional"},"content":{"rendered":"<p style=\"text-align: center;\"><em><strong>Desde Turismo Provincial indicaron que Entre R\u00edos est\u00e1 experimentando una temporada de verano positiva, con altos niveles de ocupaci\u00f3n<\/strong><\/em><\/p>\n<p>&nbsp;<\/p>\n<p>&nbsp;<\/p>\n<p>El secretario de Turismo provincial, Jorge Satto, resalt\u00f3 que a pesar de la competencia de destinos internacionales, el turismo local se mantiene fuerte, atrayendo a visitantes con una rica oferta cultural y de entretenimiento.<\/p>\n<p>El funcionario destac\u00f3 que las fiestas regionales son un pilar fundamental del turismo en Entre R\u00edos, atrayendo a una gran cantidad de visitantes y posicionando a la provincia sobre la media nacional. La Fiesta Nacional de la Sand\u00eda, en su d\u00e9cima edici\u00f3n nacional, 39 en total, signific\u00f3 para Santa Ana una ocupaci\u00f3n del 100 por ciento. Asimismo, la fiesta en Sauce de Luna convoc\u00f3 a 32.000 personas un s\u00e1bado.<\/p>\n<p>Satto puntualiz\u00f3 que a pesar de que las estad\u00edas son m\u00e1s cortas, los fines de semana se alcanzan niveles de ocupaci\u00f3n de entre el 85 y el 90 por ciento, con un promedio superior al 70 por ciento en la primera quincena de enero. Esta tendencia se mantiene en la segunda quincena, con la suma de otras fiestas importantes como la Fiesta de la Playa en Concepci\u00f3n del Uruguay y la Fiesta del Lago en Federaci\u00f3n.<\/p>\n<p>En cuanto a los carnavales, que son otro gran atractivo, la provincia cuenta con m\u00e1s de 20 celebraciones en toda la provincia, incluyendo Concordia, Victoria, y el emblem\u00e1tico Carnaval del Pa\u00eds en Gualeguaych\u00fa. &#8220;Entre R\u00edos sigue de fiesta, sigue de festejo, hay un muy buen \u00e1nimo de parte de los prestadores&#8221;, destac\u00f3 Satto.<\/p>\n<p>En referencia a Pasaporte Entrerriano, precis\u00f3 que esta herramienta de promoci\u00f3n permite a los turistas acceder a promociones ofrecidas por diversos prestadores, desde hoteles hasta comercios. &#8220;Es un elemento de promoci\u00f3n que da mucha facilidad, porque es muy flexible al usuario, al prestador y el turista f\u00e1cilmente se adhiere con un QR&#8221;, explic\u00f3.<\/p>\n<p>En este marco, precis\u00f3 que el pasaporte super\u00f3 los 4.000 usuarios y los 300 prestadores, y se espera que sea un gran impulsor en temporadas bajas. Agreg\u00f3 que la temporada se ha visto favorecida &#8220;por el comportamiento de los r\u00edos, las altas temperaturas y los complejos termales que han estado a la altura de las expectativas&#8221;. Adem\u00e1s, coment\u00f3 que &#8220;la experiencia en Brasil no ha sido tan favorable para algunos turistas argentinos, lo que impulsa a muchos a elegir destinos locales&#8221;.<\/p>\n","protected":false},"excerpt":{"rendered":"<p>Desde Turismo Provincial indicaron que Entre R\u00edos est\u00e1 experimentando una temporada de verano positiva, con altos niveles de ocupaci\u00f3n &nbsp; &nbsp; El secretario de Turismo provincial, Jorge Satto, resalt\u00f3 que a pesar de la competencia de destinos internacionales, el turismo local se mantiene fuerte, atrayendo a visitantes con una rica oferta cultural y de entretenimiento. El funcionario destac\u00f3 que las fiestas regionales son un pilar fundamental del turismo en Entre R\u00edos, atrayendo a una gran cantidad de visitantes y posicionando a la provincia sobre la media nacional. La Fiesta Nacional&#8230;<\/p>\n","protected":false},"author":3,"featured_media":124442,"comment_status":"closed","ping_status":"closed","sticky":false,"template":"","format":"standard","meta":[],"categories":[15],"tags":[],"_links":{"self":[{"href":"https:\/\/www.actualidadadiario.com\/index.php\/wp-json\/wp\/v2\/posts\/124521"}],"collection":[{"href":"https:\/\/www.actualidadadiario.com\/index.php\/wp-json\/wp\/v2\/posts"}],"about":[{"href":"https:\/\/www.actualidadadiario.com\/index.php\/wp-json\/wp\/v2\/types\/post"}],"author":[{"embeddable":true,"href":"https:\/\/www.actualidadadiario.com\/index.php\/wp-json\/wp\/v2\/users\/3"}],"replies":[{"embeddable":true,"href":"https:\/\/www.actualidadadiario.com\/index.php\/wp-json\/wp\/v2\/comments?post=124521"}],"version-history":[{"count":1,"href":"https:\/\/www.actualidadadiario.com\/index.php\/wp-json\/wp\/v2\/posts\/124521\/revisions"}],"predecessor-version":[{"id":124522,"href":"https:\/\/www.actualidadadiario.com\/index.php\/wp-json\/wp\/v2\/posts\/124521\/revisions\/124522"}],"wp:featuredmedia":[{"embeddable":true,"href":"https:\/\/www.actualidadadiario.com\/index.php\/wp-json\/wp\/v2\/media\/124442"}],"wp:attachment":[{"href":"https:\/\/www.actualidadadiario.com\/index.php\/wp-json\/wp\/v2\/media?parent=124521"}],"wp:term":[{"taxonomy":"category","embeddable":true,"href":"https:\/\/www.actualidadadiario.com\/index.php\/wp-json\/wp\/v2\/categories?post=124521"},{"taxonomy":"post_tag","embeddable":true,"href":"https:\/\/www.actualidadadiario.com\/index.php\/wp-json\/wp\/v2\/tags?post=124521"}],"curies":[{"name":"wp","href":"https:\/\/api.w.org\/{rel}","templated":true}]}}