{"id":124518,"date":"2025-01-29T12:03:29","date_gmt":"2025-01-29T15:03:29","guid":{"rendered":"https:\/\/www.actualidadadiario.com\/?p=124518"},"modified":"2025-01-29T12:03:29","modified_gmt":"2025-01-29T15:03:29","slug":"frigerio-analiza-cambios-en-su-gabinete","status":"publish","type":"post","link":"https:\/\/www.actualidadadiario.com\/index.php\/2025\/01\/29\/frigerio-analiza-cambios-en-su-gabinete\/","title":{"rendered":"Frigerio analiza cambios en su gabinete"},"content":{"rendered":"<p style=\"text-align: center;\"><em><strong>Si bien se esperaba para fin de a\u00f1o un primer recambio de nombres en el gabinete provincial, comenz\u00f3 2025 sin novedades al respecto. En la Casa Gris reconocen que el gobernador Rogelio Frigerio est\u00e1 analizando el tema, pero hay hermetismo acerca de nombres salientes y entrantes. Podr\u00eda haber anuncios el 15 de febrero, en coincidencia con el mensaje ante la Asamblea Legislativa<\/strong><\/em><\/p>\n<p>&nbsp;<\/p>\n<p>&nbsp;<\/p>\n<p>\u201cLa evaluaci\u00f3n incluye a todos los ministerios y est\u00e1 en pleno desarrollo. A\u00fan no hay nada confirmado\u201d, aseguran en Casa de Gobierno ante la consulta de AN\u00c1LISIS acerca de los cambios que se esperaban para fin de 2024, pero se postergaron.<\/p>\n<p>El secretario General de la Gobernaci\u00f3n, Mauricio Colello, y el ministro de Gobierno, Manuel Troncoso, aparecen como una especie de intocables en el equipo de Frigerio. Por fuera de ellos, todo est\u00e1 en estudio.<\/p>\n<p>Troncoso super\u00f3 con \u00e9xito el complejo escenario del conflicto docente y se convirti\u00f3 en un jugador clave en el armado pol\u00edtico y en la captaci\u00f3n de cuadros del peronismo que se van sumando a la gesti\u00f3n. Colello acompa\u00f1a a Frigerio desde siempre y viene ampliando su rango de acci\u00f3n, con injerencia en cada vez m\u00e1s \u00e1reas.<\/p>\n<p>En el otro extremo, en la cuerda floja, est\u00e1 el ministro de Salud, Guillermo Grieve. La salida del experimentado m\u00e9dico suena desde mediados del a\u00f1o pasado. Su situaci\u00f3n se complic\u00f3 en agosto tras la denuncia period\u00edstica de este medio sobre la incompatiblidad de su rol de ministro con el de socio gerente y director m\u00e9dico de una cl\u00ednica de Paran\u00e1 a la cual el Estado provincial le paga sumas millonarias por la atenci\u00f3n de pacientes que no tienen cobertura social.<\/p>\n<p>&nbsp;<\/p>\n<p><strong>Informe: un ministro de varios lados del mostrador<\/strong><\/p>\n<p>Adem\u00e1s, Grieve se desempe\u00f1a desde hace a\u00f1os como jefe del servicio de Terapia Intensiva del Sanatorio La Entrerriana y sigue atendiendo en su consultorio particular. Por si fuera poco, es miembro de tres sociedades propietarias de los principales servicios de diagn\u00f3stico por im\u00e1genes de la capital provincial, adonde tambi\u00e9n el Estado deriva pacientes.<\/p>\n<p>\u201cSin ser mal pensados, todo el tiempo surgen situaciones que plantean conflictos de intereses. Por ejemplo, hay un resonador de \u00faltima generaci\u00f3n en el Hospital San Mart\u00edn que hace un a\u00f1o espera ser habilitado. \u00bfC\u00f3mo no asociar que indirectamente Grieve obtiene un beneficio econ\u00f3mico de esa situaci\u00f3n, ya que los pacientes terminan haci\u00e9ndose los estudios en el sanatorio donde \u00e9l tiene sus equipos?\u201d, coment\u00f3 a AN\u00c1LISIS una fuente de la cartera sanitaria, donde hay quienes califican de \u201cinsostenible\u201d la situaci\u00f3n del ministro.<\/p>\n<p>&nbsp;<\/p>\n<p><strong>Hospital San Mart\u00edn: todav\u00eda no funciona el resonador que lleg\u00f3 en diciembre del 2023<\/strong><\/p>\n<p>Como reemplazo siempre sonaron dos nombres: el de la m\u00e9dica Marina Alegre, que finalmente asumi\u00f3 como subinterventora del Iosper, y el del actual subsecretario de Salud, Daniel Blanzaco. Incluso hay quienes ya lo dan por confirmado de boca del propio Blanzaco, que habr\u00eda informado en distintas reuniones institucionales que es el pr\u00f3ximo ministro.<\/p>\n<p>Lo cierto es que Grieve no es el \u00fanico que quedar\u00eda en una situaci\u00f3n compleja y quiz\u00e1s teniendo que optar por su actividad p\u00fablica o sus negocios privados si, como se espera, en los pr\u00f3ximos meses se sanciona la Ley de \u00c9tica P\u00fablica.<\/p>\n<p>Uno de los casos se podr\u00eda dar en Turismo, donde la tarea de Jorge Satto muestra algunas fisuras y su condici\u00f3n de socio del complejo termal de Concepci\u00f3n del Uruguay lo pone en una situaci\u00f3n complicada ante la pr\u00f3xima sanci\u00f3n de la norma.<\/p>\n<p>No obstante, se le reconoce a Satto el logro de haber impulsado el Ente Mixto de Turismo y ser\u00eda l\u00f3gico darle la posibilidad de ponerlo en marcha. Mientras tanto, a varias funciones inherentes al \u00e1rea las viene desempe\u00f1ando Collelo, que incluso fue vocero de la reuni\u00f3n de gabinete de este martes haciendo un primer balance de la temporada tur\u00edstica.<\/p>\n<p>En el Ministerio de Econom\u00eda, la vacante tras el fallecimiento de Julio Panceri fue cubierta por el secretario de Hacienda, Uriel Brupbacher, mediante un decreto que lo dej\u00f3 a cargo hasta fin de a\u00f1o. Por estas horas, seg\u00fan pudo saber este medio, Frigerio analiza si da continuidad al interinato del ex intendente de Viale hasta diciembre o coloca un nuevo ministro. Una posibilidad es Jes\u00fas Korell, contador personal del mandatario que viene haciendo una gesti\u00f3n al frente de ATER que es considerada muy buena en el Poder Ejecutivo.<\/p>\n<p>El desempe\u00f1o de Alicia Fregonese al frente del Consejo General de Educaci\u00f3n (CGE) sufri\u00f3 desgaste con el conflicto docente. No obstante, se estudia la posibilidad de dejarla en el cargo, pero secundada por una Secretar\u00eda de Educaci\u00f3n en la cual designar a un funcionario con un perfil complementario.<\/p>\n<p>En el Ministerio de Desarrollo Econ\u00f3mico preocupa la fuerte interna entre el titular de la cartera, Guillermo Bernaudo, y la secretaria de Industria, Victoria Giarrizo. \u201cEl excesivo bajo perfil de \u00e9l y el alto perfil de ella vienen generando roces que impactan negativamente en la gesti\u00f3n\u201d, se indic\u00f3.<\/p>\n<p>\u201cTambi\u00e9n se especula con que tanto Fregonese como Bernaudo podr\u00edan tener salidas elegantes mediante sendas candidaturas en las pr\u00f3ximas elecciones. \u00c9l tiene ganas de irse al Congreso y exhibe su cercan\u00eda con la ministra de Seguridad de la Naci\u00f3n, Patricia Bullrich, de quien fue asesor, lo que le da un plus en el marco de una eventual alianza entre el oficialismo y los libertarios\u201d, cuentan.<\/p>\n<p>En Cultura, hay molestia respecto de algunas decisiones adoptadas por el recientemente designado Juli\u00e1n Stopello. \u201cSorprendi\u00f3, para mal, el lugar que se le viene dando en la gesti\u00f3n del organismo a referentes del sector pol\u00edtico que conduce el ex intendente Ad\u00e1n Bahl\u201d, indic\u00f3 una fuente consultada.<\/p>\n<p>Se mencionan especialmente definiciones respecto de la gesti\u00f3n que, seg\u00fan se supo posteriormente, fueron adoptadas en consulta con gente de Bahl. \u201cTambi\u00e9n molestaron algunas contrataciones en ese mismo sentido y varias fotos publicadas en las redes\u201d, a\u00f1adi\u00f3 la fuente. No obstante, en Casa de Gobierno explican que no se quiere seguir desgastando el \u00e1rea con un nuevo cambio.<\/p>\n<p>En el marco de los recambios, pero por decisi\u00f3n propia, Gonzalo Heriberto Garc\u00eda dejar\u00eda la presidencia del Instituto del Seguro. Oriundo de la ciudad de Buenos Aires y con casi 30 a\u00f1os de experiencia en el rubro, hasta diciembre de 2023 se desempe\u00f1\u00f3 como gerente general de Provincia ART, en la gesti\u00f3n del ex intendente peronista de Merlo Gustavo Men\u00e9ndez. El cargo podr\u00eda quedar en manos de una mujer.<\/p>\n<p>El 15 de febrero, cuando Frigerio pronuncie su segundo mensaje sobre el estado general de la administraci\u00f3n ante la Asamblea Legislativa, tal como lo manda la Constituci\u00f3n, podr\u00eda ser la oportunidad para algunos anuncios.<\/p>\n","protected":false},"excerpt":{"rendered":"<p>Si bien se esperaba para fin de a\u00f1o un primer recambio de nombres en el gabinete provincial, comenz\u00f3 2025 sin novedades al respecto. En la Casa Gris reconocen que el gobernador Rogelio Frigerio est\u00e1 analizando el tema, pero hay hermetismo acerca de nombres salientes y entrantes. Podr\u00eda haber anuncios el 15 de febrero, en coincidencia con el mensaje ante la Asamblea Legislativa &nbsp; &nbsp; \u201cLa evaluaci\u00f3n incluye a todos los ministerios y est\u00e1 en pleno desarrollo. A\u00fan no hay nada confirmado\u201d, aseguran en Casa de Gobierno ante la consulta de&#8230;<\/p>\n","protected":false},"author":3,"featured_media":124519,"comment_status":"closed","ping_status":"closed","sticky":false,"template":"","format":"standard","meta":[],"categories":[9],"tags":[],"_links":{"self":[{"href":"https:\/\/www.actualidadadiario.com\/index.php\/wp-json\/wp\/v2\/posts\/124518"}],"collection":[{"href":"https:\/\/www.actualidadadiario.com\/index.php\/wp-json\/wp\/v2\/posts"}],"about":[{"href":"https:\/\/www.actualidadadiario.com\/index.php\/wp-json\/wp\/v2\/types\/post"}],"author":[{"embeddable":true,"href":"https:\/\/www.actualidadadiario.com\/index.php\/wp-json\/wp\/v2\/users\/3"}],"replies":[{"embeddable":true,"href":"https:\/\/www.actualidadadiario.com\/index.php\/wp-json\/wp\/v2\/comments?post=124518"}],"version-history":[{"count":1,"href":"https:\/\/www.actualidadadiario.com\/index.php\/wp-json\/wp\/v2\/posts\/124518\/revisions"}],"predecessor-version":[{"id":124520,"href":"https:\/\/www.actualidadadiario.com\/index.php\/wp-json\/wp\/v2\/posts\/124518\/revisions\/124520"}],"wp:featuredmedia":[{"embeddable":true,"href":"https:\/\/www.actualidadadiario.com\/index.php\/wp-json\/wp\/v2\/media\/124519"}],"wp:attachment":[{"href":"https:\/\/www.actualidadadiario.com\/index.php\/wp-json\/wp\/v2\/media?parent=124518"}],"wp:term":[{"taxonomy":"category","embeddable":true,"href":"https:\/\/www.actualidadadiario.com\/index.php\/wp-json\/wp\/v2\/categories?post=124518"},{"taxonomy":"post_tag","embeddable":true,"href":"https:\/\/www.actualidadadiario.com\/index.php\/wp-json\/wp\/v2\/tags?post=124518"}],"curies":[{"name":"wp","href":"https:\/\/api.w.org\/{rel}","templated":true}]}}