{"id":124512,"date":"2025-01-27T16:58:08","date_gmt":"2025-01-27T19:58:08","guid":{"rendered":"https:\/\/www.actualidadadiario.com\/?p=124512"},"modified":"2025-01-27T16:58:08","modified_gmt":"2025-01-27T19:58:08","slug":"milei-volvio-a-defender-a-musk-de-las-acusaciones-de-nazismo-y-elogio-a-trump","status":"publish","type":"post","link":"https:\/\/www.actualidadadiario.com\/index.php\/2025\/01\/27\/milei-volvio-a-defender-a-musk-de-las-acusaciones-de-nazismo-y-elogio-a-trump\/","title":{"rendered":"Milei volvi\u00f3 a defender a Musk de las acusaciones de nazismo y elogi\u00f3 a Trump"},"content":{"rendered":"<p style=\"text-align: center;\"><em><strong>Javier Milei disert\u00f3 en el acto de aniversario de la liberaci\u00f3n del campo de concentraci\u00f3n de Auschwitz en 1945 y pidi\u00f3 \u201cseguir recordando\u201d a las v\u00edctimas del Holocausto<\/strong><\/em><\/p>\n<p>&nbsp;<\/p>\n<p>&nbsp;<\/p>\n<p>El presidente Javier Milei reiter\u00f3 su defensa al empresario estadounidense Elon Musk, por su pol\u00e9mico saludo durante la asunci\u00f3n presidencial en Estados Unidos, a partir del cual fue tildado de \u201cnazi\u201d. Tambi\u00e9n agradeci\u00f3 a Donald Trump por su intervenci\u00f3n en la liberaci\u00f3n de los secuestrados por Hamas.<\/p>\n<p>\u201cOjo con los que de forma banal revolean falsas acusaciones de nazi, contra quienes no piensan como ellos, tal como lo hicieron expresiones de izquierda con mi amigo Elon Musk\u201d, dijo durante su exposici\u00f3n en el acto por el D\u00eda Internacional del Holocausto.<\/p>\n<p>&nbsp;<\/p>\n<p><strong>Milei llam\u00f3 a \u201cseguir recordando\u201d a las v\u00edctimas del Holocausto<\/strong><\/p>\n<p>Milei llam\u00f3 a \u201cno olvidar\u201d y pidi\u00f3 \u201cseguir recordando\u201d a todas las v\u00edctimas de aquel entonces y a \u201clas que se cobra el culto y la intolerancia\u201d.<\/p>\n<p>\u201cQuiero aprovechar para agradecer el compromiso al presidente de los Estados Unidos, Donald Trump, al cargarse al hombro las negociaciones que permitir\u00e1n, que los rehenes puedan volver a casa; entre ellos, los nueves argentinos que a\u00fan permanecen secuestrados y por cuya liberaci\u00f3n exigimos la m\u00e1xima celeridad\u201d, destac\u00f3 tras su regreso de Estados Unidos y Sauiza.<\/p>\n<p>En otro pasaje de su breve exposici\u00f3n que dur\u00f3 poco m\u00e1s de siete minutos, el mandatario llam\u00f3 a \u201cno olvidar\u201d y pidi\u00f3 \u201cseguir recordando\u201d a todas las v\u00edctimas de aquel entonces y a \u201clas que se cobra el culto y la intolerancia, el odio y la muerte, ayer disfrazado de nazismo, hoy disfrazado de fundamentalismo\u201d.<\/p>\n<p>\u201cEste aniversario particular tiene para m\u00ed una carga emocional y simb\u00f3lica muy especial. Por un lado, porque se cumplen 80 a\u00f1os de la liberaci\u00f3n de Auschwitz, y por el otro, por la liberaci\u00f3n de los rehenes en Gaza, que ha comenzado hace algunos d\u00edas\u201d, afirm\u00f3 el jefe de Estado.<\/p>\n<p>Para Milei, el mundo \u201cest\u00e1 viviendo una situaci\u00f3n que cada vez tiene mayores similitudes con lo que ocurr\u00eda, previo al inicio del Holocausto\u201d al sostener que los ataques a Israel traducen \u201cel antisemitismo y el odio hacia la civilizaci\u00f3n occidental\u201d<\/p>\n<p>\u201cEl enemigo puede cambiar de estandarte, pero su miserable causa permanece intacta. Los grupos terroristas, que hoy existen, de tener la capacidad, exterminar\u00edan sin pensar al pueblo jud\u00edo y borrar\u00edan si pudieran al Estado de Israel\u201d, a\u00f1adi\u00f3.<\/p>\n<p>Milei asegur\u00f3 que los presidentes del mundo tienen &#8220;la obligaci\u00f3n y la responsabilidad&#8221; de no cometer los mismos errores, que los l\u00edderes del pasado&#8221; al tiempo que remarc\u00f3 que \u201cel silencio o mirar para el costado ya no es una opci\u00f3n\u201d.<\/p>\n<p>\u201cAlzar la voz en contra de la intolerancia antisemita y en contra del terrorismo es un deber\u201d, afirm\u00f3 y concluy\u00f3: &#8220;A veces el mundo es tan angosto y corto de mente, que muchos no est\u00e1n siquiera preparados para escuchar el mensaje de la libertad\u201d.<\/p>\n<p>Milei se mostr\u00f3 acompa\u00f1ado del vocero presidencial, Manuel Adorni, y del ministro de Justicia, Mariano C\u00faneo Libarona. Tambi\u00e9n estuvieron presentes en la ceremonia el secretario de Educaci\u00f3n, Carlos Torrendell; el vicecanciller, Eduardo Bustamante, y el embajador de Israel en la Argentina, Eyal Sela.<\/p>\n<p>A su turno, el presidente del Museo del Holocausto de Buenos Aires, Marcelo Mindlin, abri\u00f3 el acto con un agradecimiento al libertario \u201cpor su firme reclamo por la liberaci\u00f3n de los secuestrados por Hamas, por respaldar el derecho a la existencia del Estado de Israel y por impulsar la inclusi\u00f3n de Hamas en la lista de grupos terroristas.<\/p>\n","protected":false},"excerpt":{"rendered":"<p>Javier Milei disert\u00f3 en el acto de aniversario de la liberaci\u00f3n del campo de concentraci\u00f3n de Auschwitz en 1945 y pidi\u00f3 \u201cseguir recordando\u201d a las v\u00edctimas del Holocausto &nbsp; &nbsp; El presidente Javier Milei reiter\u00f3 su defensa al empresario estadounidense Elon Musk, por su pol\u00e9mico saludo durante la asunci\u00f3n presidencial en Estados Unidos, a partir del cual fue tildado de \u201cnazi\u201d. Tambi\u00e9n agradeci\u00f3 a Donald Trump por su intervenci\u00f3n en la liberaci\u00f3n de los secuestrados por Hamas. \u201cOjo con los que de forma banal revolean falsas acusaciones de nazi, contra&#8230;<\/p>\n","protected":false},"author":3,"featured_media":124513,"comment_status":"closed","ping_status":"closed","sticky":false,"template":"","format":"standard","meta":[],"categories":[18],"tags":[],"_links":{"self":[{"href":"https:\/\/www.actualidadadiario.com\/index.php\/wp-json\/wp\/v2\/posts\/124512"}],"collection":[{"href":"https:\/\/www.actualidadadiario.com\/index.php\/wp-json\/wp\/v2\/posts"}],"about":[{"href":"https:\/\/www.actualidadadiario.com\/index.php\/wp-json\/wp\/v2\/types\/post"}],"author":[{"embeddable":true,"href":"https:\/\/www.actualidadadiario.com\/index.php\/wp-json\/wp\/v2\/users\/3"}],"replies":[{"embeddable":true,"href":"https:\/\/www.actualidadadiario.com\/index.php\/wp-json\/wp\/v2\/comments?post=124512"}],"version-history":[{"count":1,"href":"https:\/\/www.actualidadadiario.com\/index.php\/wp-json\/wp\/v2\/posts\/124512\/revisions"}],"predecessor-version":[{"id":124514,"href":"https:\/\/www.actualidadadiario.com\/index.php\/wp-json\/wp\/v2\/posts\/124512\/revisions\/124514"}],"wp:featuredmedia":[{"embeddable":true,"href":"https:\/\/www.actualidadadiario.com\/index.php\/wp-json\/wp\/v2\/media\/124513"}],"wp:attachment":[{"href":"https:\/\/www.actualidadadiario.com\/index.php\/wp-json\/wp\/v2\/media?parent=124512"}],"wp:term":[{"taxonomy":"category","embeddable":true,"href":"https:\/\/www.actualidadadiario.com\/index.php\/wp-json\/wp\/v2\/categories?post=124512"},{"taxonomy":"post_tag","embeddable":true,"href":"https:\/\/www.actualidadadiario.com\/index.php\/wp-json\/wp\/v2\/tags?post=124512"}],"curies":[{"name":"wp","href":"https:\/\/api.w.org\/{rel}","templated":true}]}}