{"id":124508,"date":"2025-01-27T16:55:59","date_gmt":"2025-01-27T19:55:59","guid":{"rendered":"https:\/\/www.actualidadadiario.com\/?p=124508"},"modified":"2025-01-27T16:55:59","modified_gmt":"2025-01-27T19:55:59","slug":"el-gobierno-reduce-retenciones-pero-exige-liquidacion-inmediata","status":"publish","type":"post","link":"https:\/\/www.actualidadadiario.com\/index.php\/2025\/01\/27\/el-gobierno-reduce-retenciones-pero-exige-liquidacion-inmediata\/","title":{"rendered":"El gobierno reduce retenciones pero exige liquidaci\u00f3n inmediata"},"content":{"rendered":"<p style=\"text-align: center;\"><em><strong>El Gobierno oficializ\u00f3 la baja de retenciones, pero impuso condiciones estrictas: 95% de liquidaci\u00f3n en 15 d\u00edas. Costos, beneficios y pol\u00e9mica<\/strong><\/em><\/p>\n<p>&nbsp;<\/p>\n<p>&nbsp;<\/p>\n<p>En un intento por incentivar la liquidaci\u00f3n de divisas y reforzar las reservas, el Gobierno de Javier Milei anunci\u00f3 la baja temporal de las retenciones para la mayor\u00eda de las exportaciones agropecuarias y su eliminaci\u00f3n permanente para las econom\u00edas regionales. Sin embargo, esta medida lleg\u00f3 acompa\u00f1ada de estrictas condiciones para los productores, generando una fuerte controversia en el sector.<\/p>\n<p>Con la publicaci\u00f3n del Decreto 38\/2025 en el Bolet\u00edn Oficial, firmado por el presidente Milei, el jefe de Gabinete Guillermo Francos y el ministro de Econom\u00eda Luis Caputo, las nuevas al\u00edcuotas ya est\u00e1n en vigencia. Entre los principales cambios, la soja pas\u00f3 del 33% al 26%, sus derivados bajaron al 24,5%, mientras que cultivos como el trigo y el ma\u00edz redujeron su carga impositiva al 9,5%.<\/p>\n<p>&nbsp;<\/p>\n<p><strong>Condiciones y plazos estrictos<\/strong><\/p>\n<p>El decreto establece que los productores que deseen beneficiarse de estas al\u00edcuotas reducidas deber\u00e1n liquidar al menos el 95% de las divisas provenientes de sus exportaciones en un plazo m\u00e1ximo de 15 d\u00edas h\u00e1biles, un cambio dr\u00e1stico respecto a los 30 d\u00edas habituales. Quienes no cumplan con esta exigencia deber\u00e1n abonar las al\u00edcuotas previas al decreto y quedar\u00e1n inhabilitados para acceder nuevamente al beneficio hasta regularizar su situaci\u00f3n.<\/p>\n<p>Esta medida, dirigida a agilizar la entrada de d\u00f3lares al pa\u00eds, tiene un alto costo fiscal estimado en 800 millones de d\u00f3lares, equivalente al 0,13% del PBI seg\u00fan la consultora Analytica. Mientras tanto, sectores como la salud y la educaci\u00f3n contin\u00faan bajo un ajuste presupuestario significativo.<\/p>\n<p>&nbsp;<\/p>\n<p><strong>Econom\u00edas regionales: eliminaci\u00f3n definitiva de retenciones<\/strong><\/p>\n<p>Entre los cambios m\u00e1s significativos est\u00e1 la eliminaci\u00f3n permanente de las retenciones para productos de las econom\u00edas regionales, como el az\u00facar, tabaco, cuero bovino y arroz. Desde el Gobierno argumentan que esto busca fortalecer estas \u00e1reas, afectadas por adversidades clim\u00e1ticas y la ca\u00edda de precios internacionales.<\/p>\n<p>&nbsp;<\/p>\n<p><strong>Impacto en el sector y cr\u00edticas al decreto<\/strong><\/p>\n<p>La medida llega en un contexto donde los productores ven\u00edan presionando fuertemente al Gobierno, argumentando que la combinaci\u00f3n de un d\u00f3lar congelado y la inflaci\u00f3n en d\u00f3lares hac\u00edan inviable la liquidaci\u00f3n. Para el Ejecutivo, esta decisi\u00f3n es clave para sostener el flujo de divisas, pero algunos especialistas advierten que los beneficios son desiguales y que el ajuste en otras \u00e1reas sociales contrasta con las ventajas otorgadas al sector agroexportador.<\/p>\n<p>Por otro lado, las entidades rurales a\u00fan eval\u00faan los efectos a largo plazo del decreto, mientras que cr\u00edticos del oficialismo cuestionan el costo fiscal en medio de un panorama econ\u00f3mico ajustado.<\/p>\n<p>&nbsp;<\/p>\n<p><strong>Un futuro incierto<\/strong><\/p>\n<p>Con vigencia hasta el 30 de junio, las nuevas al\u00edcuotas temporales apuntan a un doble objetivo: reactivar el sector agropecuario y consolidar las econom\u00edas regionales. Sin embargo, las estrictas condiciones impuestas han generado interrogantes sobre el alcance real de estas medidas y su impacto en un a\u00f1o marcado por desaf\u00edos financieros.<\/p>\n","protected":false},"excerpt":{"rendered":"<p>El Gobierno oficializ\u00f3 la baja de retenciones, pero impuso condiciones estrictas: 95% de liquidaci\u00f3n en 15 d\u00edas. Costos, beneficios y pol\u00e9mica &nbsp; &nbsp; En un intento por incentivar la liquidaci\u00f3n de divisas y reforzar las reservas, el Gobierno de Javier Milei anunci\u00f3 la baja temporal de las retenciones para la mayor\u00eda de las exportaciones agropecuarias y su eliminaci\u00f3n permanente para las econom\u00edas regionales. Sin embargo, esta medida lleg\u00f3 acompa\u00f1ada de estrictas condiciones para los productores, generando una fuerte controversia en el sector. Con la publicaci\u00f3n del Decreto 38\/2025 en el&#8230;<\/p>\n","protected":false},"author":3,"featured_media":83579,"comment_status":"closed","ping_status":"closed","sticky":false,"template":"","format":"standard","meta":[],"categories":[18],"tags":[],"_links":{"self":[{"href":"https:\/\/www.actualidadadiario.com\/index.php\/wp-json\/wp\/v2\/posts\/124508"}],"collection":[{"href":"https:\/\/www.actualidadadiario.com\/index.php\/wp-json\/wp\/v2\/posts"}],"about":[{"href":"https:\/\/www.actualidadadiario.com\/index.php\/wp-json\/wp\/v2\/types\/post"}],"author":[{"embeddable":true,"href":"https:\/\/www.actualidadadiario.com\/index.php\/wp-json\/wp\/v2\/users\/3"}],"replies":[{"embeddable":true,"href":"https:\/\/www.actualidadadiario.com\/index.php\/wp-json\/wp\/v2\/comments?post=124508"}],"version-history":[{"count":1,"href":"https:\/\/www.actualidadadiario.com\/index.php\/wp-json\/wp\/v2\/posts\/124508\/revisions"}],"predecessor-version":[{"id":124509,"href":"https:\/\/www.actualidadadiario.com\/index.php\/wp-json\/wp\/v2\/posts\/124508\/revisions\/124509"}],"wp:featuredmedia":[{"embeddable":true,"href":"https:\/\/www.actualidadadiario.com\/index.php\/wp-json\/wp\/v2\/media\/83579"}],"wp:attachment":[{"href":"https:\/\/www.actualidadadiario.com\/index.php\/wp-json\/wp\/v2\/media?parent=124508"}],"wp:term":[{"taxonomy":"category","embeddable":true,"href":"https:\/\/www.actualidadadiario.com\/index.php\/wp-json\/wp\/v2\/categories?post=124508"},{"taxonomy":"post_tag","embeddable":true,"href":"https:\/\/www.actualidadadiario.com\/index.php\/wp-json\/wp\/v2\/tags?post=124508"}],"curies":[{"name":"wp","href":"https:\/\/api.w.org\/{rel}","templated":true}]}}