{"id":124502,"date":"2025-01-27T16:53:38","date_gmt":"2025-01-27T19:53:38","guid":{"rendered":"https:\/\/www.actualidadadiario.com\/?p=124502"},"modified":"2025-01-27T16:53:38","modified_gmt":"2025-01-27T19:53:38","slug":"marcha-federal-del-orgullo-una-respuesta-al-discurso-de-milei","status":"publish","type":"post","link":"https:\/\/www.actualidadadiario.com\/index.php\/2025\/01\/27\/marcha-federal-del-orgullo-una-respuesta-al-discurso-de-milei\/","title":{"rendered":"Marcha federal del orgullo: una respuesta al discurso de Milei"},"content":{"rendered":"<p style=\"text-align: center;\"><em><strong>Organizaciones LGTBQ+ convocan a una marcha federal el 1F para resistir los ataques del gobierno de Milei. &#8220;\u00a1Al cl\u00f3set no volvemos nunca m\u00e1s!&#8221;<\/strong><\/em><\/p>\n<p>&nbsp;<\/p>\n<p>&nbsp;<\/p>\n<p>El pr\u00f3ximo 1 de febrero, organizaciones del colectivo LGTBQ+ llevar\u00e1n a cabo la Marcha Federal del Orgullo Antifascista y Antirracista, una movilizaci\u00f3n que busca visibilizar las luchas de las diversidades y rechazar los recientes dichos del presidente Javier Milei en el Foro Econ\u00f3mico Mundial de Davos.<\/p>\n<p>La marcha partir\u00e1 desde el Congreso de la Naci\u00f3n y llegar\u00e1 hasta Plaza de Mayo, siendo encabezada por el colectivo travesti-trans como un gesto de resistencia y visibilidad. Seg\u00fan lo decidido en la asamblea realizada en Parque Lezama, el evento no solo tendr\u00e1 una relevancia simb\u00f3lica, sino tambi\u00e9n hist\u00f3rica, al evocar los primeros actos de visibilidad LGTBQ+ en democracia.<\/p>\n<p>&nbsp;<\/p>\n<p><strong>Un discurso que encendi\u00f3 alarmas<\/strong><\/p>\n<p>En Davos, Milei critic\u00f3 abiertamente a las diversidades y cuestion\u00f3 derechos adquiridos al vincular a las personas trans y al colectivo LGTBQ+ con casos de violencia y abuso. \u201cSe promueve la agenda LGTBQ+, queriendo imponernos que las mujeres son hombres y los hombres son mujeres solo si as\u00ed se autoperciben\u201d, afirm\u00f3.<\/p>\n<p>Estas declaraciones fueron calificadas como incitaciones al odio por parte de los colectivos convocantes. En un comunicado, se\u00f1alaron: \u201cLas palabras del presidente no son nuevas, pero s\u00ed marcan un antecedente en la radicalidad de su violencia\u201d.<\/p>\n<p>&nbsp;<\/p>\n<p><strong>Retrocesos en materia de derechos<\/strong><\/p>\n<p>Las tensiones crecieron a\u00fan m\u00e1s cuando el gobierno nacional present\u00f3 un paquete de reformas que incluye la derogaci\u00f3n del cupo laboral trans, la eliminaci\u00f3n del DNI no binario y la figura del femicidio del C\u00f3digo Penal. Organizaciones feministas y de derechos humanos calificaron estas medidas como un claro retroceso en igualdad y derechos conquistados.<\/p>\n<p>Mart\u00edn Canevaro, activista de 100% Diversidad y Derechos, declar\u00f3: \u201cEl gobierno de Milei ha tomado la decisi\u00f3n de usar los derechos de las mujeres y las diversidades como parte constitutiva de su proyecto pol\u00edtico\u201d.<\/p>\n<p>&nbsp;<\/p>\n<p><strong>Una lucha interseccional<\/strong><\/p>\n<p>El colectivo travesti-trans encabezar\u00e1 la marcha, reafirmando su papel hist\u00f3rico en las luchas sociales. Daniela Ruiz, secretaria general de 7 Colores Diversidad, expres\u00f3: \u201cVenimos de las trincheras y los calabozos. Somos sobrevivientes que estamos aqu\u00ed para defendernos\u201d.<\/p>\n<p>Adem\u00e1s, la movilizaci\u00f3n contar\u00e1 con la participaci\u00f3n de AfroLGBT, quienes denunciaron el ataque directo a la poblaci\u00f3n migrante y afrodescendiente. \u201cLa utilizaci\u00f3n de la palabra \u2018woke\u2019 busca deslegitimar nuestra lucha por los derechos civiles\u201d, se\u00f1alaron.<\/p>\n<p><strong>Convocatoria y agenda<\/strong><\/p>\n<p>Bajo la consigna \u201cLa vida est\u00e1 en riesgo \u00a1Basta! Al cl\u00f3set no volvemos nunca m\u00e1s\u201d, la marcha se perfila como un acto de resistencia frente a lo que denominan \u201cviolencia institucional y simb\u00f3lica\u201d. El pr\u00f3ximo encuentro para ultimar detalles ser\u00e1 el 29 de enero en la plazoleta N\u00e9stor Perlongher, en Avellaneda.<\/p>\n<p>La convocatoria no solo pretende rechazar las medidas y discursos del actual gobierno, sino tambi\u00e9n fortalecer la unidad y organizaci\u00f3n del colectivo frente a los desaf\u00edos que enfrenta. Como resumi\u00f3 Canevaro: \u201cLa lucha es larga, pero la resistencia va a sostenerse en el tiempo\u201d.<\/p>\n","protected":false},"excerpt":{"rendered":"<p>Organizaciones LGTBQ+ convocan a una marcha federal el 1F para resistir los ataques del gobierno de Milei. &#8220;\u00a1Al cl\u00f3set no volvemos nunca m\u00e1s!&#8221; &nbsp; &nbsp; El pr\u00f3ximo 1 de febrero, organizaciones del colectivo LGTBQ+ llevar\u00e1n a cabo la Marcha Federal del Orgullo Antifascista y Antirracista, una movilizaci\u00f3n que busca visibilizar las luchas de las diversidades y rechazar los recientes dichos del presidente Javier Milei en el Foro Econ\u00f3mico Mundial de Davos. La marcha partir\u00e1 desde el Congreso de la Naci\u00f3n y llegar\u00e1 hasta Plaza de Mayo, siendo encabezada por el&#8230;<\/p>\n","protected":false},"author":3,"featured_media":124503,"comment_status":"closed","ping_status":"closed","sticky":false,"template":"","format":"standard","meta":[],"categories":[9],"tags":[],"_links":{"self":[{"href":"https:\/\/www.actualidadadiario.com\/index.php\/wp-json\/wp\/v2\/posts\/124502"}],"collection":[{"href":"https:\/\/www.actualidadadiario.com\/index.php\/wp-json\/wp\/v2\/posts"}],"about":[{"href":"https:\/\/www.actualidadadiario.com\/index.php\/wp-json\/wp\/v2\/types\/post"}],"author":[{"embeddable":true,"href":"https:\/\/www.actualidadadiario.com\/index.php\/wp-json\/wp\/v2\/users\/3"}],"replies":[{"embeddable":true,"href":"https:\/\/www.actualidadadiario.com\/index.php\/wp-json\/wp\/v2\/comments?post=124502"}],"version-history":[{"count":1,"href":"https:\/\/www.actualidadadiario.com\/index.php\/wp-json\/wp\/v2\/posts\/124502\/revisions"}],"predecessor-version":[{"id":124504,"href":"https:\/\/www.actualidadadiario.com\/index.php\/wp-json\/wp\/v2\/posts\/124502\/revisions\/124504"}],"wp:featuredmedia":[{"embeddable":true,"href":"https:\/\/www.actualidadadiario.com\/index.php\/wp-json\/wp\/v2\/media\/124503"}],"wp:attachment":[{"href":"https:\/\/www.actualidadadiario.com\/index.php\/wp-json\/wp\/v2\/media?parent=124502"}],"wp:term":[{"taxonomy":"category","embeddable":true,"href":"https:\/\/www.actualidadadiario.com\/index.php\/wp-json\/wp\/v2\/categories?post=124502"},{"taxonomy":"post_tag","embeddable":true,"href":"https:\/\/www.actualidadadiario.com\/index.php\/wp-json\/wp\/v2\/tags?post=124502"}],"curies":[{"name":"wp","href":"https:\/\/api.w.org\/{rel}","templated":true}]}}