{"id":124499,"date":"2025-01-27T16:06:05","date_gmt":"2025-01-27T19:06:05","guid":{"rendered":"https:\/\/www.actualidadadiario.com\/?p=124499"},"modified":"2025-01-27T16:06:05","modified_gmt":"2025-01-27T19:06:05","slug":"entregan-una-ayuda-economica-a-auh-con-el-inicio-de-las-clases-2025","status":"publish","type":"post","link":"https:\/\/www.actualidadadiario.com\/index.php\/2025\/01\/27\/entregan-una-ayuda-economica-a-auh-con-el-inicio-de-las-clases-2025\/","title":{"rendered":"Entregan una ayuda econ\u00f3mica a AUH con el inicio de las clases 2025"},"content":{"rendered":"<p style=\"text-align: center;\"><em><strong>El Gobierno entrega a trav\u00e9s de Anses una ayuda econ\u00f3mica a los titulares de la AUH con el inicio de clases 2025. Conoc\u00e9 c\u00f3mo solicitarla<\/strong><\/em><\/p>\n<p>&nbsp;<\/p>\n<p>&nbsp;<\/p>\n<p>El calendario escolar 2025 est\u00e1 a punto de comenzar en todo el pa\u00eds, y con \u00e9l llegan preparativos importantes para las familias que tienen hijos en edad escolar. Para aliviar los gastos de esta etapa, ANSES ofrece un beneficio econ\u00f3mico destinado a los titulares de la Asignaci\u00f3n Universal por Hijo (AUH), que tiene como objetivo apoyar la educaci\u00f3n de los m\u00e1s peque\u00f1os.<\/p>\n<p>La ayuda escolar es un refuerzo econ\u00f3mico que se otorga una vez al a\u00f1o a familias con hijos en edad escolar. Est\u00e1 dirigida tanto a quienes perciben la AUH como a quienes reciben asignaciones familiares, con el prop\u00f3sito de contribuir a la compra de \u00fatiles, uniformes y otros gastos relacionados con el inicio del ciclo lectivo.<\/p>\n<p>&nbsp;<\/p>\n<p><strong>Requisitos de la Ayuda Escolar<\/strong><\/p>\n<p><strong>Del hijo:<\/strong><\/p>\n<ul>\n<li>Tener entre 45 d\u00edas y 17 a\u00f1os inclusive.<\/li>\n<li>Asistir a establecimientos educativos incorporados a la ense\u00f1anza oficial (nivel inicial, primario y secundario).<\/li>\n<\/ul>\n<p>&nbsp;<\/p>\n<p><strong>Del hijo con discapacidad:<\/strong><\/p>\n<ul>\n<li>Sin l\u00edmite de edad.<\/li>\n<li>Asistir a establecimientos (p\u00fablicos o privados) de ense\u00f1anza oficial o especial o recibir apoyo de maestros particulares, o concurrir a talleres protegidos o de formaci\u00f3n laboral, o recibir rehabilitaci\u00f3n.<\/li>\n<\/ul>\n<p>&nbsp;<\/p>\n<p><strong>C\u00f3mo solicitar la Ayuda Escolar en Mi Anses<\/strong><\/p>\n<ol>\n<li><strong> Ingresar a Mi ANSES<\/strong><\/li>\n<\/ol>\n<p>Dir\u00edgete al portal de Mi ANSES. En el men\u00fa, selecciona Hijos y luego la opci\u00f3n Presentar un Certificado Escolar para obtener el formulario correspondiente a cada hijo.<\/p>\n<ol start=\"2\">\n<li><strong> Generar el certificado<\/strong><\/li>\n<\/ol>\n<p>Haz clic en Generar Certificado, completa los datos requeridos y selecciona Generar.<\/p>\n<ol start=\"3\">\n<li><strong> Imprimir el certificado<\/strong><\/li>\n<\/ol>\n<p>Imprime el certificado y ll\u00e9valo a la escuela, maestro particular o lugar donde se realice la rehabilitaci\u00f3n del ni\u00f1o para que lo completen y firmen.<\/p>\n<ol start=\"4\">\n<li><strong> Subir el certificado a Mi ANSES<\/strong><\/li>\n<\/ol>\n<p>Una vez que el certificado est\u00e9 firmado, ingresa nuevamente a Mi ANSES, selecciona Hijos &gt; Presentar un Certificado Escolar, y luego Subir Certificado. Carga una foto clara y legible del formulario completo y firmado desde tu celular o computadora.<\/p>\n<p>&nbsp;<\/p>\n<p><strong>Plazo para presentar el certificado<\/strong><\/p>\n<p>Recuerda que ten\u00e9s tiempo hasta el 31 de diciembre de cada a\u00f1o para completar y cargar el formulario.<\/p>\n<p>Este tr\u00e1mite tambi\u00e9n se puede realizar desde la app Mi ANSES, permitiendo hacerlo de manera r\u00e1pida y f\u00e1cil desde tu celular.<\/p>\n<p>&nbsp;<\/p>\n<p><strong>Monto de la Ayuda Escolar febrero 2025<\/strong><\/p>\n<p>El monto de la Ayuda Escolar se ajust\u00f3 en un 2,7% debido a la f\u00f3rmula de movilidad prevista en el Decreto 274\/24, reflejando el impacto de la inflaci\u00f3n de diciembre. As\u00ed, el beneficio ser\u00e1 de $130.699,25.<\/p>\n","protected":false},"excerpt":{"rendered":"<p>El Gobierno entrega a trav\u00e9s de Anses una ayuda econ\u00f3mica a los titulares de la AUH con el inicio de clases 2025. Conoc\u00e9 c\u00f3mo solicitarla &nbsp; &nbsp; El calendario escolar 2025 est\u00e1 a punto de comenzar en todo el pa\u00eds, y con \u00e9l llegan preparativos importantes para las familias que tienen hijos en edad escolar. Para aliviar los gastos de esta etapa, ANSES ofrece un beneficio econ\u00f3mico destinado a los titulares de la Asignaci\u00f3n Universal por Hijo (AUH), que tiene como objetivo apoyar la educaci\u00f3n de los m\u00e1s peque\u00f1os. La&#8230;<\/p>\n","protected":false},"author":3,"featured_media":124500,"comment_status":"closed","ping_status":"closed","sticky":false,"template":"","format":"standard","meta":[],"categories":[2],"tags":[],"_links":{"self":[{"href":"https:\/\/www.actualidadadiario.com\/index.php\/wp-json\/wp\/v2\/posts\/124499"}],"collection":[{"href":"https:\/\/www.actualidadadiario.com\/index.php\/wp-json\/wp\/v2\/posts"}],"about":[{"href":"https:\/\/www.actualidadadiario.com\/index.php\/wp-json\/wp\/v2\/types\/post"}],"author":[{"embeddable":true,"href":"https:\/\/www.actualidadadiario.com\/index.php\/wp-json\/wp\/v2\/users\/3"}],"replies":[{"embeddable":true,"href":"https:\/\/www.actualidadadiario.com\/index.php\/wp-json\/wp\/v2\/comments?post=124499"}],"version-history":[{"count":1,"href":"https:\/\/www.actualidadadiario.com\/index.php\/wp-json\/wp\/v2\/posts\/124499\/revisions"}],"predecessor-version":[{"id":124501,"href":"https:\/\/www.actualidadadiario.com\/index.php\/wp-json\/wp\/v2\/posts\/124499\/revisions\/124501"}],"wp:featuredmedia":[{"embeddable":true,"href":"https:\/\/www.actualidadadiario.com\/index.php\/wp-json\/wp\/v2\/media\/124500"}],"wp:attachment":[{"href":"https:\/\/www.actualidadadiario.com\/index.php\/wp-json\/wp\/v2\/media?parent=124499"}],"wp:term":[{"taxonomy":"category","embeddable":true,"href":"https:\/\/www.actualidadadiario.com\/index.php\/wp-json\/wp\/v2\/categories?post=124499"},{"taxonomy":"post_tag","embeddable":true,"href":"https:\/\/www.actualidadadiario.com\/index.php\/wp-json\/wp\/v2\/tags?post=124499"}],"curies":[{"name":"wp","href":"https:\/\/api.w.org\/{rel}","templated":true}]}}