{"id":124464,"date":"2025-01-27T10:54:39","date_gmt":"2025-01-27T13:54:39","guid":{"rendered":"https:\/\/www.actualidadadiario.com\/?p=124464"},"modified":"2025-01-27T10:54:39","modified_gmt":"2025-01-27T13:54:39","slug":"convocaron-a-audiencias-publicas-para-la-licitacion-de-la-ruta-del-mercosur-arrancan-con-la-18","status":"publish","type":"post","link":"https:\/\/www.actualidadadiario.com\/index.php\/2025\/01\/27\/convocaron-a-audiencias-publicas-para-la-licitacion-de-la-ruta-del-mercosur-arrancan-con-la-18\/","title":{"rendered":"Convocaron a audiencias p\u00fablicas para la licitaci\u00f3n de la \u201cRuta del Mercosur\u201d: arrancan con la 18"},"content":{"rendered":"<p style=\"text-align: center;\"><em><strong>El Gobierno nacional oficializ\u00f3 la convocatoria a audiencias p\u00fablicas con el objetivo de discutir la licitaci\u00f3n para los 677 kil\u00f3metros de este tramo estrat\u00e9gico para el comercio exterior. En esta primera etapa se fijaron las fechas para cada uno de los tramos que conforman el Corredor Vial N\u00b0 18<\/strong><\/em><\/p>\n<p>&nbsp;<\/p>\n<p>&nbsp;<\/p>\n<p>El Gobierno avanz\u00f3 en el proceso de privatizaci\u00f3n del Corredor Vial N\u00b0 18, conocido como la \u201cRuta del Mercosur\u201d. A trav\u00e9s de la Resoluci\u00f3n 104\/2025, publicada en el Bolet\u00edn Oficial, se oficializ\u00f3 la convocatoria a audiencias p\u00fablicas que tendr\u00e1n lugar en febrero, con el objetivo de discutir los t\u00e9rminos iniciales de los pliegos de licitaci\u00f3n para los 677 kil\u00f3metros de este tramo estrat\u00e9gico para el comercio exterior.<\/p>\n<p>&nbsp;<\/p>\n<p><strong>Fechas y ubicaci\u00f3n de las audiencias<\/strong><\/p>\n<p>La Direcci\u00f3n Nacional de Vialidad (DNV), entidad encargada de supervisar las obras y condiciones de las concesiones, estableci\u00f3 el 25 de febrero, en Gualeguaych\u00fa, para tratar las rutas nacionales 12, 14, 135, A-015 y 117; y el 27 de febrero en Victoria, enfocada en la RN 174, que conecta Rosario con Victoria atravesando el puente sobre el r\u00edo Paran\u00e1.<\/p>\n<p>Los interesados podr\u00e1n consultar los antecedentes del proyecto en el Sistema de Tr\u00e1mite a Distancia (TAD) y revisar los detalles del orden del d\u00eda en el sitio web oficial de la DNV 24 horas antes de cada audiencia.<\/p>\n<p>&nbsp;<\/p>\n<p><strong>Detalles del proyecto y alcance<\/strong><\/p>\n<p>Este proceso forma parte de la iniciativa \u201cRed Federal de Concesiones\u201d, que se implementar\u00e1 en dos etapas:<\/p>\n<ul>\n<li>La primera abarca los 677 kil\u00f3metros del Corredor Vial N\u00b0 18.<\/li>\n<li>Una segunda etapa incluye 8.470 kil\u00f3metros adicionales actualmente gestionados por Corredores Viales S.A., con un esquema de concesi\u00f3n por peaje que contempla construcci\u00f3n, mantenimiento y ampliaci\u00f3n de tramos estrat\u00e9gicos.<\/li>\n<\/ul>\n<p>El proyecto tiene como objetivo mejorar la infraestructura vial y garantizar la seguridad de los usuarios. Seg\u00fan estimaciones oficiales, el esquema permitir\u00e1 al Estado ahorrar cerca de 6.100 millones de d\u00f3lares en un per\u00edodo de 15 a 20 a\u00f1os.<\/p>\n<p>&nbsp;<\/p>\n<p><strong>Participaci\u00f3n p\u00fablica y transparencia<\/strong><\/p>\n<p>Durante las audiencias, los licitantes podr\u00e1n expresar opiniones, presentar propuestas y discutir documentos relacionados. Aunque estas intervenciones no son vinculantes, la DNV deber\u00e1 fundamentar cualquier desestimaci\u00f3n.<\/p>\n<p>Tras las audiencias, la DNV elaborar\u00e1 un informe final dentro de los 10 d\u00edas posteriores, y el proyecto ser\u00e1 aprobado o modificado en un plazo de 30 d\u00edas, public\u00f3 \u00c1mbito.<\/p>\n<p>&nbsp;<\/p>\n<p><strong>Rol de Vialidad Nacional<\/strong><\/p>\n<p>La DNV ser\u00e1 responsable de auditar el estado de las rutas concesionadas mediante inspecciones regulares que evaluar\u00e1n aspectos como la se\u00f1alizaci\u00f3n, el estado de las calzadas y el mantenimiento general.<\/p>\n<p>Este proyecto abarca un 20% de la red vial nacional, que concentra el 80 % del tr\u00e1nsito vehicular, y busca fortalecer la competitividad log\u00edstica del pa\u00eds.<\/p>\n","protected":false},"excerpt":{"rendered":"<p>El Gobierno nacional oficializ\u00f3 la convocatoria a audiencias p\u00fablicas con el objetivo de discutir la licitaci\u00f3n para los 677 kil\u00f3metros de este tramo estrat\u00e9gico para el comercio exterior. En esta primera etapa se fijaron las fechas para cada uno de los tramos que conforman el Corredor Vial N\u00b0 18 &nbsp; &nbsp; El Gobierno avanz\u00f3 en el proceso de privatizaci\u00f3n del Corredor Vial N\u00b0 18, conocido como la \u201cRuta del Mercosur\u201d. A trav\u00e9s de la Resoluci\u00f3n 104\/2025, publicada en el Bolet\u00edn Oficial, se oficializ\u00f3 la convocatoria a audiencias p\u00fablicas que tendr\u00e1n&#8230;<\/p>\n","protected":false},"author":3,"featured_media":124465,"comment_status":"closed","ping_status":"closed","sticky":false,"template":"","format":"standard","meta":[],"categories":[9],"tags":[],"_links":{"self":[{"href":"https:\/\/www.actualidadadiario.com\/index.php\/wp-json\/wp\/v2\/posts\/124464"}],"collection":[{"href":"https:\/\/www.actualidadadiario.com\/index.php\/wp-json\/wp\/v2\/posts"}],"about":[{"href":"https:\/\/www.actualidadadiario.com\/index.php\/wp-json\/wp\/v2\/types\/post"}],"author":[{"embeddable":true,"href":"https:\/\/www.actualidadadiario.com\/index.php\/wp-json\/wp\/v2\/users\/3"}],"replies":[{"embeddable":true,"href":"https:\/\/www.actualidadadiario.com\/index.php\/wp-json\/wp\/v2\/comments?post=124464"}],"version-history":[{"count":1,"href":"https:\/\/www.actualidadadiario.com\/index.php\/wp-json\/wp\/v2\/posts\/124464\/revisions"}],"predecessor-version":[{"id":124466,"href":"https:\/\/www.actualidadadiario.com\/index.php\/wp-json\/wp\/v2\/posts\/124464\/revisions\/124466"}],"wp:featuredmedia":[{"embeddable":true,"href":"https:\/\/www.actualidadadiario.com\/index.php\/wp-json\/wp\/v2\/media\/124465"}],"wp:attachment":[{"href":"https:\/\/www.actualidadadiario.com\/index.php\/wp-json\/wp\/v2\/media?parent=124464"}],"wp:term":[{"taxonomy":"category","embeddable":true,"href":"https:\/\/www.actualidadadiario.com\/index.php\/wp-json\/wp\/v2\/categories?post=124464"},{"taxonomy":"post_tag","embeddable":true,"href":"https:\/\/www.actualidadadiario.com\/index.php\/wp-json\/wp\/v2\/tags?post=124464"}],"curies":[{"name":"wp","href":"https:\/\/api.w.org\/{rel}","templated":true}]}}