{"id":124457,"date":"2025-01-22T13:02:39","date_gmt":"2025-01-22T16:02:39","guid":{"rendered":"https:\/\/www.actualidadadiario.com\/?p=124457"},"modified":"2025-01-22T13:02:39","modified_gmt":"2025-01-22T16:02:39","slug":"tarifas-convocan-a-audiencia-publica-para-definir-los-costos-de-empresas-transportadoras-de-energia-electrica","status":"publish","type":"post","link":"https:\/\/www.actualidadadiario.com\/index.php\/2025\/01\/22\/tarifas-convocan-a-audiencia-publica-para-definir-los-costos-de-empresas-transportadoras-de-energia-electrica\/","title":{"rendered":"Tarifas: convocan a audiencia p\u00fablica para definir los costos de empresas transportadoras de energ\u00eda el\u00e9ctrica"},"content":{"rendered":"<p style=\"text-align: center;\"><em><strong>El llamado oficial qued\u00f3 formalizado esta madrugada con la publicaci\u00f3n de la resoluci\u00f3n 74\/2025 del Ente Nacional Regulador de la Electricidad (ENRE)<\/strong><\/em><\/p>\n<p>&nbsp;<\/p>\n<p>&nbsp;<\/p>\n<p>El Gobierno nacional, mediante en el ENRE, anunci\u00f3 la convocatoria a una audiencia p\u00fablica para analizar las propuestas de ajuste en los costos presentadas por las empresas de transporte de energ\u00eda el\u00e9ctrica a nivel nacional.<\/p>\n<p>El llamado oficial qued\u00f3 formalizado esta madrugada con la publicaci\u00f3n de la resoluci\u00f3n 74\/2025 del Ente Nacional Regulador de la Electricidad (ENRE) en el Bolet\u00edn Oficial. Con esta medida, el Ejecutivo busca evaluar las tarifas aplicadas por las compa\u00f1\u00edas de transporte de alta tensi\u00f3n en el marco de la Revisi\u00f3n Quinquenal de Tarifas (RQT) correspondiente al per\u00edodo 2025-2029.<\/p>\n<p>La audiencia tendr\u00e1 lugar el pr\u00f3ximo 25 de febrero a las 8:30 horas y se llevar\u00e1 a cabo de manera virtual a trav\u00e9s de una plataforma digital. Adem\u00e1s, su desarrollo podr\u00e1 ser seguido en simult\u00e1neo mediante transmisi\u00f3n en streaming.<\/p>\n<p>&nbsp;<\/p>\n<p><strong>Qui\u00e9nes podr\u00e1n participar de la audiencia p\u00fablica<\/strong><\/p>\n<ul>\n<li>Podr\u00e1n participar personas f\u00edsicas y jur\u00eddicas con inter\u00e9s en el tema, registr\u00e1ndose en el Registro de Participantes habilitado desde el 8 hasta el 22 de febrero de 2025 en la web del ENRE.<\/li>\n<li>Los interesados podr\u00e1n presentar exposiciones orales y adjuntar documentaci\u00f3n de respaldo.<\/li>\n<\/ul>\n<p>\u201cEn oportunidad de la inscripci\u00f3n, quien solicite participar como expositor en la Audiencia P\u00fablica deber\u00e1 manifestarlo expresamente en el Formulario de Inscripci\u00f3n, realizando en su parte pertinente un resumen que refleje el contenido de la exposici\u00f3n; pudiendo adjuntar, en archivo PDF, un informe de la exposici\u00f3n a realizar, as\u00ed como toda otra documentaci\u00f3n y\/o propuesta relativa al objeto de la Audiencia P\u00fablica\u201d, detalla la normativa.<\/p>\n<p>Cada persona f\u00edsica tendr\u00e1 derecho a una intervenci\u00f3n oral de 5 minutos, mientras que los representantes de organizaciones y entidades interesadas contar\u00e1n con 10 minutos para plantear su punto de vista.<\/p>\n<p>&nbsp;<\/p>\n<p><strong>Cu\u00e1l es la exigencia del ENRE a las empresas<\/strong><\/p>\n<p>El Gobierno lleva adelante esta convocatoria en el marco de un proceso de actualizaci\u00f3n tarifaria. Este procedimiento, conocido como Revisi\u00f3n Quinquenal de Tarifas (RQT), establecer\u00e1 los par\u00e1metros de calidad del servicio para los pr\u00f3ximos a\u00f1os, las sanciones por incumplimientos, los planes de inversi\u00f3n, y los ingresos que recibir\u00e1n las empresas para llevarlos a cabo.<\/p>\n<p>En las primeras semanas de enero, el ENRE public\u00f3 la resoluci\u00f3n 3\/2025, donde defini\u00f3 los criterios que regir\u00e1n las mejoras exigidas a las distribuidoras a cambio de reconocer incrementos tarifarios, especialmente en el \u00c1rea Metropolitana de Buenos Aires (AMBA), donde se concentra el 40% del consumo el\u00e9ctrico del pa\u00eds.<\/p>\n<p>En zonas del Conurbano bonaerense y de la Ciudad de Buenos Aires, consideradas como las de menor calidad en el servicio, se implementar\u00e1n exigencias m\u00e1s estrictas. Seg\u00fan los documentos oficiales, el objetivo es reducir hasta un 50% tanto la frecuencia como la duraci\u00f3n de los cortes de suministro que enfrentan los usuarios en cada semestre.<\/p>\n<p>Luego del rezago tarifario registrado durante la gesti\u00f3n de Alberto Fern\u00e1ndez, las distribuidoras lograron recuperar parte de sus ingresos. En febrero de 2024, las empresas percibieron un incremento promedio del 300% en las tarifas, seguido de ajustes mensuales a partir de agosto para acompa\u00f1ar la inflaci\u00f3n. Este aumento super\u00f3 ampliamente el 117,8% de inflaci\u00f3n acumulada en 2023.<\/p>\n<p>Los nuevos cuadros tarifarios regir\u00e1n a partir del 1 de abril y se publicar\u00e1n el 31 de marzo. Seg\u00fan el cronograma del ENRE, Edesur y Edenor deben presentar sus propuestas para la RQT antes del 27 de enero. Un d\u00eda despu\u00e9s, el 28 de enero, se oficializar\u00e1 la convocatoria a una audiencia p\u00fablica, programada para el 27 de febrero, que se desarrollar\u00e1 de manera virtual.<\/p>\n","protected":false},"excerpt":{"rendered":"<p>El llamado oficial qued\u00f3 formalizado esta madrugada con la publicaci\u00f3n de la resoluci\u00f3n 74\/2025 del Ente Nacional Regulador de la Electricidad (ENRE) &nbsp; &nbsp; El Gobierno nacional, mediante en el ENRE, anunci\u00f3 la convocatoria a una audiencia p\u00fablica para analizar las propuestas de ajuste en los costos presentadas por las empresas de transporte de energ\u00eda el\u00e9ctrica a nivel nacional. El llamado oficial qued\u00f3 formalizado esta madrugada con la publicaci\u00f3n de la resoluci\u00f3n 74\/2025 del Ente Nacional Regulador de la Electricidad (ENRE) en el Bolet\u00edn Oficial. Con esta medida, el Ejecutivo&#8230;<\/p>\n","protected":false},"author":3,"featured_media":82033,"comment_status":"closed","ping_status":"closed","sticky":false,"template":"","format":"standard","meta":[],"categories":[2],"tags":[],"_links":{"self":[{"href":"https:\/\/www.actualidadadiario.com\/index.php\/wp-json\/wp\/v2\/posts\/124457"}],"collection":[{"href":"https:\/\/www.actualidadadiario.com\/index.php\/wp-json\/wp\/v2\/posts"}],"about":[{"href":"https:\/\/www.actualidadadiario.com\/index.php\/wp-json\/wp\/v2\/types\/post"}],"author":[{"embeddable":true,"href":"https:\/\/www.actualidadadiario.com\/index.php\/wp-json\/wp\/v2\/users\/3"}],"replies":[{"embeddable":true,"href":"https:\/\/www.actualidadadiario.com\/index.php\/wp-json\/wp\/v2\/comments?post=124457"}],"version-history":[{"count":1,"href":"https:\/\/www.actualidadadiario.com\/index.php\/wp-json\/wp\/v2\/posts\/124457\/revisions"}],"predecessor-version":[{"id":124458,"href":"https:\/\/www.actualidadadiario.com\/index.php\/wp-json\/wp\/v2\/posts\/124457\/revisions\/124458"}],"wp:featuredmedia":[{"embeddable":true,"href":"https:\/\/www.actualidadadiario.com\/index.php\/wp-json\/wp\/v2\/media\/82033"}],"wp:attachment":[{"href":"https:\/\/www.actualidadadiario.com\/index.php\/wp-json\/wp\/v2\/media?parent=124457"}],"wp:term":[{"taxonomy":"category","embeddable":true,"href":"https:\/\/www.actualidadadiario.com\/index.php\/wp-json\/wp\/v2\/categories?post=124457"},{"taxonomy":"post_tag","embeddable":true,"href":"https:\/\/www.actualidadadiario.com\/index.php\/wp-json\/wp\/v2\/tags?post=124457"}],"curies":[{"name":"wp","href":"https:\/\/api.w.org\/{rel}","templated":true}]}}