{"id":124444,"date":"2025-01-22T11:36:07","date_gmt":"2025-01-22T14:36:07","guid":{"rendered":"https:\/\/www.actualidadadiario.com\/?p=124444"},"modified":"2025-01-22T11:36:07","modified_gmt":"2025-01-22T14:36:07","slug":"con-temperaturas-veraniegas-advierten-que-podria-adelantarse-la-inestabilidad","status":"publish","type":"post","link":"https:\/\/www.actualidadadiario.com\/index.php\/2025\/01\/22\/con-temperaturas-veraniegas-advierten-que-podria-adelantarse-la-inestabilidad\/","title":{"rendered":"Con temperaturas veraniegas, advierten que podr\u00eda adelantarse la inestabilidad"},"content":{"rendered":"<p style=\"text-align: center;\"><em><strong>Una zona de Entre R\u00edos est\u00e1 alerta por temperaturas extremas. Se prev\u00e9n hasta 35 grados para hoy en nuestra provincia. La inestabilidad, con algunas tormentas, prevista inicialmente para el viernes, podr\u00eda llegar el jueves a nuestra provincia<\/strong><\/em><\/p>\n<p>&nbsp;<\/p>\n<p>&nbsp;<\/p>\n<p>Luego de las err\u00e1ticas lluvias del \u00faltimo fin de semana, volvi\u00f3 a establecerse un centro de alta presi\u00f3n sobre la porci\u00f3n central de Argentina, lo que mantiene \u201ccaracter\u00edsticas de tiempo relativamente estable en la porci\u00f3n central del pa\u00eds\u201d, explic\u00f3 el meteor\u00f3logo, Leonardo De Benedictis.<\/p>\n<p>Pero tambi\u00e9n se estableci\u00f3 nuevamente la circulaci\u00f3n de viento del sector norte, lo que ir\u00e1 generando un progresivo y constante aumento de las marcas t\u00e9rmicas.<\/p>\n<p>Seg\u00fan el especialista, \u201cla particularidad que se presentar\u00e1 a lo largo de esta semana es que se prev\u00e9 que varios d\u00edas se observen temperaturas muy altas, incluso en algunos sectores puntuales podr\u00edan registrarse valores pr\u00e1cticamente extremos, por lo que ser\u00e1 recurrente la emisi\u00f3n de diferentes alertas por elevadas temperaturas en distintas zonas del pa\u00eds\u201d.<\/p>\n<p>&nbsp;<\/p>\n<p><strong>Qu\u00e9 se pronostica para Entre R\u00edos<\/strong><\/p>\n<p>El noreste de Entre R\u00edos se encuentra hoy en alerta por temperaturas extremas que en nuestra provincia podr\u00edan alcanzar los 35 grados.<\/p>\n<p>El jueves, los registros t\u00e9rmicos ser\u00edan similares, pero podr\u00eda adelantarse la llegada de algunas tormentas, que inicialmente estaban previstas para el viernes, jornada en la cual predominar\u00e1 la inestabilidad, con m\u00e1ximas que estar\u00edan en torno a los 32 grados.<\/p>\n<p>En tanto, por el momento, no hay previsiones de lluvias para el pr\u00f3ximo fin de semana, cuando las marcas en los term\u00f3metros volver\u00edan a trepar hasta los 34 o 35 grados.<\/p>\n<p>&nbsp;<\/p>\n<p><strong>\u00bfPuede desarrollarse una nueva ola de calor?<\/strong><\/p>\n<p>Para que pueda desarrollarse una ola de calor se tienen que cumplir con varios requisitos, no s\u00f3lo alcanzar con registrar temperaturas elevadas, sino que se tiene que dar una continuidad de d\u00edas de alta temperatura y se tienen que superar dos umbrales espec\u00edficos de cada zona, uno de temperatura m\u00ednima y otro de temperatura m\u00e1xima. Adem\u00e1s, esos umbrales tienen que ser superados durante 3 d\u00edas consecutivos.<\/p>\n<p>Si alguno de estos requisitos no se cumple, entonces no se produce la ola de calor. Por tal motivo, en muchas ocasiones se tienen frecuentes alertas por alta temperatura, pero no se logra alcanzar el fen\u00f3meno de \u201cola de calor\u201d por el simple hecho de que no llegan a cumplirse con los par\u00e1metros dados por definici\u00f3n.<\/p>\n<p>\u201cEn esta semana en particular, podemos tener el registro de alguna ola de calor, pero s\u00f3lo de manera parcial, en algunos sectores puntuales de Argentina, y no de manera generalizada como se dio la semana pasada\u201d, aclar\u00f3 De Benedictis en Meteored<\/p>\n<p>Se\u00f1al\u00f3 al respecto que \u201cla regi\u00f3n del pa\u00eds con la mayor chance de registrar una ola de calor es el noroeste patag\u00f3nico y el sur de la regi\u00f3n cuyana, ya que en el resto del pa\u00eds se observar\u00e1n algunos eventos de lluvia o cortas rotaciones de viento que no permitir\u00e1n que se cumplan con todos los requisitos\u201d, pronostic\u00f3.<\/p>\n","protected":false},"excerpt":{"rendered":"<p>Una zona de Entre R\u00edos est\u00e1 alerta por temperaturas extremas. Se prev\u00e9n hasta 35 grados para hoy en nuestra provincia. La inestabilidad, con algunas tormentas, prevista inicialmente para el viernes, podr\u00eda llegar el jueves a nuestra provincia &nbsp; &nbsp; Luego de las err\u00e1ticas lluvias del \u00faltimo fin de semana, volvi\u00f3 a establecerse un centro de alta presi\u00f3n sobre la porci\u00f3n central de Argentina, lo que mantiene \u201ccaracter\u00edsticas de tiempo relativamente estable en la porci\u00f3n central del pa\u00eds\u201d, explic\u00f3 el meteor\u00f3logo, Leonardo De Benedictis. Pero tambi\u00e9n se estableci\u00f3 nuevamente la circulaci\u00f3n&#8230;<\/p>\n","protected":false},"author":3,"featured_media":111199,"comment_status":"closed","ping_status":"closed","sticky":false,"template":"","format":"standard","meta":[],"categories":[15],"tags":[],"_links":{"self":[{"href":"https:\/\/www.actualidadadiario.com\/index.php\/wp-json\/wp\/v2\/posts\/124444"}],"collection":[{"href":"https:\/\/www.actualidadadiario.com\/index.php\/wp-json\/wp\/v2\/posts"}],"about":[{"href":"https:\/\/www.actualidadadiario.com\/index.php\/wp-json\/wp\/v2\/types\/post"}],"author":[{"embeddable":true,"href":"https:\/\/www.actualidadadiario.com\/index.php\/wp-json\/wp\/v2\/users\/3"}],"replies":[{"embeddable":true,"href":"https:\/\/www.actualidadadiario.com\/index.php\/wp-json\/wp\/v2\/comments?post=124444"}],"version-history":[{"count":1,"href":"https:\/\/www.actualidadadiario.com\/index.php\/wp-json\/wp\/v2\/posts\/124444\/revisions"}],"predecessor-version":[{"id":124445,"href":"https:\/\/www.actualidadadiario.com\/index.php\/wp-json\/wp\/v2\/posts\/124444\/revisions\/124445"}],"wp:featuredmedia":[{"embeddable":true,"href":"https:\/\/www.actualidadadiario.com\/index.php\/wp-json\/wp\/v2\/media\/111199"}],"wp:attachment":[{"href":"https:\/\/www.actualidadadiario.com\/index.php\/wp-json\/wp\/v2\/media?parent=124444"}],"wp:term":[{"taxonomy":"category","embeddable":true,"href":"https:\/\/www.actualidadadiario.com\/index.php\/wp-json\/wp\/v2\/categories?post=124444"},{"taxonomy":"post_tag","embeddable":true,"href":"https:\/\/www.actualidadadiario.com\/index.php\/wp-json\/wp\/v2\/tags?post=124444"}],"curies":[{"name":"wp","href":"https:\/\/api.w.org\/{rel}","templated":true}]}}