{"id":124441,"date":"2025-01-22T11:35:17","date_gmt":"2025-01-22T14:35:17","guid":{"rendered":"https:\/\/www.actualidadadiario.com\/?p=124441"},"modified":"2025-01-22T11:35:17","modified_gmt":"2025-01-22T14:35:17","slug":"ultiman-detalles-para-la-segunda-noche-del-carnaval-de-concordia","status":"publish","type":"post","link":"https:\/\/www.actualidadadiario.com\/index.php\/2025\/01\/22\/ultiman-detalles-para-la-segunda-noche-del-carnaval-de-concordia\/","title":{"rendered":"Ultiman detalles para la segunda noche del Carnaval de Concordia"},"content":{"rendered":"<p style=\"text-align: center;\"><em><strong>Con el acompa\u00f1amiento del p\u00fablico en lo que fue la inauguraci\u00f3n de la edici\u00f3n 2025 del Carnaval, el Ente Permanente anticip\u00f3 que se encuentra trabajando en distintos aspectos de cara al siguiente desfile que se realizar\u00e1 el pr\u00f3ximo s\u00e1bado<\/strong><\/em><\/p>\n<p>&nbsp;<\/p>\n<p>&nbsp;<\/p>\n<p>El pasado s\u00e1bado 18 de enero se realiz\u00f3 la primera noche del Carnaval de Concordia donde Emperatriz, Bella Samba, R\u00e1faga e Imperio desplegaron todo su brillo y color en la manga del Cors\u00f3dromo Atanasio Bonfiglio.<\/p>\n<p>Con la mirada puesta en este pr\u00f3ximo fin de semana, cuando se desarrolle la segunda noche el 25 de enero a las 22 horas, el Ente Permanente de Carnaval se\u00f1alaron que &#8220;se encuentra trabajando sobre distintos aspectos con el objetivo de brindar el mejor espect\u00e1culo y las comodidades necesarias, tanto para los integrantes de las agrupaciones, como para quienes van a disfrutar del evento&#8221;.<\/p>\n<p>Al respecto, el director del Ente Permanente de Carnaval Luis S\u00e1nchez manifest\u00f3 que &#8220;luego de lo arrojado por la primera noche, estuvimos trabajando en cuestiones operativas del Cors\u00f3dromo y tambi\u00e9n de la prestaci\u00f3n de los distintos servicios que se dan en nuestro Carnaval. Es por ello que es muy importante el aporte de todos los sectores involucrados porque lo que se pretende es que el p\u00fablico que venga a vivir esta fiesta, se lleve la mejor experiencia&#8221;, analiz\u00f3.<\/p>\n<p>Uno de esos trabajos consiste en mejorar la ubicaci\u00f3n y visi\u00f3n del p\u00fablico que accede a la fila 1 del sector VIP.<\/p>\n<p>&nbsp;<\/p>\n<p><strong>Horarios<\/strong><\/p>\n<p>A partir de las 20 horas estar\u00e1n habilitadas las boleter\u00edas del predio, en ese sentido, a partir de las 20:30 se proceder\u00e1 a la apertura del predio para el p\u00fablico en general; tanto para calle Pr\u00f3spero Bovino como para calle Gobernador Cresto.<\/p>\n<p>Mientras que, a las 22 horas, se dar\u00e1 inicio al desfile de la primera comparsa.<\/p>\n<p>&nbsp;<\/p>\n<p><strong>Acceso Discapacidad<\/strong><\/p>\n<p>Las personas con discapacidad tienen su ingreso por calle Gobernador Cresto. En el acceso deben presentar el Certificado \u00danico de Discapacidad (CUD). Dependiendo el tipo de CUD, ingresar\u00e1n solos o con acompa\u00f1ante.<\/p>\n<p>&nbsp;<\/p>\n<p><strong>Orden de desfile<\/strong><\/p>\n<p>Orden de desfile para la segunda noche de Carnaval: Emperatriz, Bella Samba, Imperio y R\u00e1faga.<\/p>\n<p>&nbsp;<\/p>\n<p><strong>Cortes de Tr\u00e1nsito<\/strong><\/p>\n<p>La Direcci\u00f3n de Tr\u00e1nsito y Transporte de la Municipalidad de Concordia informa a la comunidad en general sobre los cortes totales de circulaci\u00f3n que se producir\u00e1n el pr\u00f3ximo s\u00e1bado 25 de enero con motivo de la realizaci\u00f3n de la primera noche del Carnaval.<\/p>\n<p>Los mismos se producir\u00e1n desde las 18 horas y hasta finalizar el evento, en los siguientes sectores:<\/p>\n<ul>\n<li>Pr\u00f3spero Bovino y Rep\u00fablica del Paraguay.<\/li>\n<li>Brown y Mendiburu.<\/li>\n<li>Pr\u00f3spero Bovino y Dr. Del Cerro.<\/li>\n<li>Pr\u00f3spero Bovino y Ricardo Rojas.<\/li>\n<li>Teniente Ib\u00e1\u00f1ez y Alvear.<\/li>\n<li>Pr\u00f3spero Bovino y Dr. Florenza.<\/li>\n<li>Gobernador Cresto y Mendiburu.<\/li>\n<li>Gobernador Cresto y Ricardo Rojas.<\/li>\n<\/ul>\n","protected":false},"excerpt":{"rendered":"<p>Con el acompa\u00f1amiento del p\u00fablico en lo que fue la inauguraci\u00f3n de la edici\u00f3n 2025 del Carnaval, el Ente Permanente anticip\u00f3 que se encuentra trabajando en distintos aspectos de cara al siguiente desfile que se realizar\u00e1 el pr\u00f3ximo s\u00e1bado &nbsp; &nbsp; El pasado s\u00e1bado 18 de enero se realiz\u00f3 la primera noche del Carnaval de Concordia donde Emperatriz, Bella Samba, R\u00e1faga e Imperio desplegaron todo su brillo y color en la manga del Cors\u00f3dromo Atanasio Bonfiglio. Con la mirada puesta en este pr\u00f3ximo fin de semana, cuando se desarrolle la&#8230;<\/p>\n","protected":false},"author":3,"featured_media":124442,"comment_status":"closed","ping_status":"closed","sticky":false,"template":"","format":"standard","meta":[],"categories":[15],"tags":[],"_links":{"self":[{"href":"https:\/\/www.actualidadadiario.com\/index.php\/wp-json\/wp\/v2\/posts\/124441"}],"collection":[{"href":"https:\/\/www.actualidadadiario.com\/index.php\/wp-json\/wp\/v2\/posts"}],"about":[{"href":"https:\/\/www.actualidadadiario.com\/index.php\/wp-json\/wp\/v2\/types\/post"}],"author":[{"embeddable":true,"href":"https:\/\/www.actualidadadiario.com\/index.php\/wp-json\/wp\/v2\/users\/3"}],"replies":[{"embeddable":true,"href":"https:\/\/www.actualidadadiario.com\/index.php\/wp-json\/wp\/v2\/comments?post=124441"}],"version-history":[{"count":1,"href":"https:\/\/www.actualidadadiario.com\/index.php\/wp-json\/wp\/v2\/posts\/124441\/revisions"}],"predecessor-version":[{"id":124443,"href":"https:\/\/www.actualidadadiario.com\/index.php\/wp-json\/wp\/v2\/posts\/124441\/revisions\/124443"}],"wp:featuredmedia":[{"embeddable":true,"href":"https:\/\/www.actualidadadiario.com\/index.php\/wp-json\/wp\/v2\/media\/124442"}],"wp:attachment":[{"href":"https:\/\/www.actualidadadiario.com\/index.php\/wp-json\/wp\/v2\/media?parent=124441"}],"wp:term":[{"taxonomy":"category","embeddable":true,"href":"https:\/\/www.actualidadadiario.com\/index.php\/wp-json\/wp\/v2\/categories?post=124441"},{"taxonomy":"post_tag","embeddable":true,"href":"https:\/\/www.actualidadadiario.com\/index.php\/wp-json\/wp\/v2\/tags?post=124441"}],"curies":[{"name":"wp","href":"https:\/\/api.w.org\/{rel}","templated":true}]}}