{"id":124433,"date":"2025-01-22T11:31:35","date_gmt":"2025-01-22T14:31:35","guid":{"rendered":"https:\/\/www.actualidadadiario.com\/?p=124433"},"modified":"2025-01-22T11:31:35","modified_gmt":"2025-01-22T14:31:35","slug":"refuerzan-la-lucha-contra-incendios-forestales-con-medios-aereos","status":"publish","type":"post","link":"https:\/\/www.actualidadadiario.com\/index.php\/2025\/01\/22\/refuerzan-la-lucha-contra-incendios-forestales-con-medios-aereos\/","title":{"rendered":"Refuerzan la lucha contra incendios forestales con medios a\u00e9reos"},"content":{"rendered":"<p style=\"text-align: center;\"><em><strong>En respuesta a la solicitud formal de las provincias de Entre R\u00edos, Corrientes y Misiones frente a la temporada de alta peligrosidad de incendios forestales, el Sistema Nacional de Manejo del Fuego despleg\u00f3 cuatro medios a\u00e9reos en distintas localidades de la Mesopotamia<\/strong><\/em><\/p>\n<p>&nbsp;<\/p>\n<p>&nbsp;<\/p>\n<p>Entre R\u00edos recibi\u00f3 un avi\u00f3n hidrante AT 8T, el cual qued\u00f3 alojado en el aeroclub de Concordia. El equipo del Plan de Manejo del Fuego de la provincia, a cargo del director general de Ordenamiento Territorial y \u00c1reas Naturales, Pablo Ace\u00f1olaza, junto con el coordinador C\u00e9sar G\u00f3mez y el brigadista Gustavo Gerfo, dio la bienvenida al piloto asignado Mauro Malasisi.<\/p>\n<p>Durante el encuentro, discutieron la problem\u00e1tica actual de la temporada estival, caracterizada por bajos niveles de humedad, altas temperaturas y una gran cantidad de combustible seco; lo que eleva el \u00edndice de peligrosidad de incendios a niveles extremos.<\/p>\n<p>All\u00ed, Ace\u00f1olaza, destac\u00f3: &#8220;Esta solicitud fue el resultado de un trabajo conjunto entre las provincias, la Naci\u00f3n, entidades ambientalistas y productores forestales, coordinados a trav\u00e9s de Asociaci\u00f3n de Colaboraci\u00f3n Empresarial (ACE)&#8221;.<\/p>\n<p>Asimismo, C\u00e9sar G\u00f3mez, coordinador del operativo, subray\u00f3 que &#8220;la disponibilidad combinada de los medios a\u00e9reos proporcionados por el sistema nacional permitir\u00e1 una acci\u00f3n de combate m\u00e1s r\u00e1pida y eficaz&#8221;.<\/p>\n<p>Cabe recordar que hasta el 15 de febrero, en principio, se encuentran prohibidas todo tipo de quemas en el territorio provincial. El incumplimiento de esta medida implica multas y denuncias penales, puesto que conlleva un severo riesgo ambiental, como as\u00ed tambi\u00e9n para la integridad de las personas y las propiedades p\u00fablicas y privadas.<\/p>\n","protected":false},"excerpt":{"rendered":"<p>En respuesta a la solicitud formal de las provincias de Entre R\u00edos, Corrientes y Misiones frente a la temporada de alta peligrosidad de incendios forestales, el Sistema Nacional de Manejo del Fuego despleg\u00f3 cuatro medios a\u00e9reos en distintas localidades de la Mesopotamia &nbsp; &nbsp; Entre R\u00edos recibi\u00f3 un avi\u00f3n hidrante AT 8T, el cual qued\u00f3 alojado en el aeroclub de Concordia. El equipo del Plan de Manejo del Fuego de la provincia, a cargo del director general de Ordenamiento Territorial y \u00c1reas Naturales, Pablo Ace\u00f1olaza, junto con el coordinador C\u00e9sar&#8230;<\/p>\n","protected":false},"author":3,"featured_media":124434,"comment_status":"closed","ping_status":"closed","sticky":false,"template":"","format":"standard","meta":[],"categories":[15],"tags":[],"_links":{"self":[{"href":"https:\/\/www.actualidadadiario.com\/index.php\/wp-json\/wp\/v2\/posts\/124433"}],"collection":[{"href":"https:\/\/www.actualidadadiario.com\/index.php\/wp-json\/wp\/v2\/posts"}],"about":[{"href":"https:\/\/www.actualidadadiario.com\/index.php\/wp-json\/wp\/v2\/types\/post"}],"author":[{"embeddable":true,"href":"https:\/\/www.actualidadadiario.com\/index.php\/wp-json\/wp\/v2\/users\/3"}],"replies":[{"embeddable":true,"href":"https:\/\/www.actualidadadiario.com\/index.php\/wp-json\/wp\/v2\/comments?post=124433"}],"version-history":[{"count":1,"href":"https:\/\/www.actualidadadiario.com\/index.php\/wp-json\/wp\/v2\/posts\/124433\/revisions"}],"predecessor-version":[{"id":124435,"href":"https:\/\/www.actualidadadiario.com\/index.php\/wp-json\/wp\/v2\/posts\/124433\/revisions\/124435"}],"wp:featuredmedia":[{"embeddable":true,"href":"https:\/\/www.actualidadadiario.com\/index.php\/wp-json\/wp\/v2\/media\/124434"}],"wp:attachment":[{"href":"https:\/\/www.actualidadadiario.com\/index.php\/wp-json\/wp\/v2\/media?parent=124433"}],"wp:term":[{"taxonomy":"category","embeddable":true,"href":"https:\/\/www.actualidadadiario.com\/index.php\/wp-json\/wp\/v2\/categories?post=124433"},{"taxonomy":"post_tag","embeddable":true,"href":"https:\/\/www.actualidadadiario.com\/index.php\/wp-json\/wp\/v2\/tags?post=124433"}],"curies":[{"name":"wp","href":"https:\/\/api.w.org\/{rel}","templated":true}]}}