{"id":124427,"date":"2025-01-22T11:28:44","date_gmt":"2025-01-22T14:28:44","guid":{"rendered":"https:\/\/www.actualidadadiario.com\/?p=124427"},"modified":"2025-01-22T11:28:44","modified_gmt":"2025-01-22T14:28:44","slug":"retenciones-pullaro-frigerio-y-llaryora-le-piden-al-campo-que-rompa-el-idilio-con-milei","status":"publish","type":"post","link":"https:\/\/www.actualidadadiario.com\/index.php\/2025\/01\/22\/retenciones-pullaro-frigerio-y-llaryora-le-piden-al-campo-que-rompa-el-idilio-con-milei\/","title":{"rendered":"Retenciones: Pullaro, Frigerio y Llaryora le piden al campo que rompa el idilio con Milei"},"content":{"rendered":"<p style=\"text-align: center;\"><em><strong>Reclamaron a la Casa Rosada que baje los derechos de exportaci\u00f3n y mandaron el mensaje a los productores: ag\u00e1rrensela con el Presidente<\/strong><\/em><\/p>\n<p>&nbsp;<\/p>\n<p>&nbsp;<\/p>\n<p>\u201cHermanos gobernadores, bienvenidos a la invencible provincia de Santa Fe\u201d. Con esa frase, Maximiliano Pullaro recibi\u00f3 a Mart\u00edn Llaryora y Rogelio Frigerio, sus pares de C\u00f3rdoba y Entre R\u00edos, para escenificar un mensaje que necesitan que penetre en el campo: nosotros ya cedimos todo lo que pudimos, ahora le toca a Javier Milei bajar las retenciones.<\/p>\n<p>La cita fue en las primeras horas del martes, en el Sal\u00f3n Blanco de la sede del gobierno santafesino en Rosario. Algo pasadas las diez de la ma\u00f1ana, Frigerio y Llaryora arribaron y se enfrascaron en una reuni\u00f3n con el anfitri\u00f3n Pullaro. Los tres asistieron con parte de su gabinete, sus ministros de Producci\u00f3n y sus representantes en la mesa ejecutiva de la Regi\u00f3n Centro. El tema fue excluyente: c\u00f3mo abordar la crisis del campo, un ruido que suena cada vez m\u00e1s fuerte en sus territorios y amenaza no solamente su matriz econ\u00f3mica y productiva, sino tambi\u00e9n su base electoral.<\/p>\n<p>&nbsp;<\/p>\n<p><strong>Los pedidos de los gobernadores<\/strong><\/p>\n<p>Para los gobernadores, el campo est\u00e1 atravesando una crisis que, si no se act\u00faa a tiempo, puede ser terminal. Se la atribuyen a un combo letal: d\u00f3lar barato, alta presi\u00f3n impositiva, precios internacionales a la baja, costos al alza y, como si fuera poco, la sequ\u00eda que amenaza la cosecha. Conectados con las bases chacareras, ven que corre riesgo toda la econom\u00eda productiva de sus provincias y sienten el temor por un descalabro en la cadena de pagos. \u201cSi no hay un cambio r\u00e1pido, podemos tener un colapso en materia agropecuaria como en los &#8217;90\u2019\u201d, sintetiz\u00f3 Llaryora.<\/p>\n<p>Tras dar cuenta de sus miradas respecto a la coyuntura nacional, los gobernadores hicieron dos anuncios y un pedido. Primero, le solicitaron directamente al Presidente que el pr\u00f3ximo impuesto a bajar sean las \u201cmalditas\u201d retenciones. Luego fue el turno de los anuncios, que buscaron despejar la imagen de ser una oposici\u00f3n &#8220;irracional&#8221; a la gesti\u00f3n libertaria: convocaron a las entidades agropecuarias a una mesa de trabajo y se comprometieron a reinvertir todo lo que recauden del campo en infraestructura rural. La referencia es al inmobiliario rural, el \u00fanico impuesto que qued\u00f3 en pie. En las tres provincias, en realidad, ya est\u00e1 sucediendo.<\/p>\n<p>&nbsp;<\/p>\n<p><strong>Las razones detr\u00e1s de la reuni\u00f3n<\/strong><\/p>\n<p>Detr\u00e1s de la movida de los gobernadores de la Regi\u00f3n Centro asoma la intenci\u00f3n de correrse de una postura inc\u00f3moda: entienden que ya entregaron toda la recaudaci\u00f3n que pod\u00edan ceder, creen que es momento de que el Gobierno aporte su granito de arena para aliviar el padecer del campo, pero ven c\u00f3mo &#8220;los gringos&#8221; direccionan todos los reclamos hacia ellos. De Milei, nada.<\/p>\n<p>Se trata de un idilio dif\u00edcil de romper y que la Casa Rosada capitaliza cada vez de mejor manera, gracias al cual se da el lujo de esquivar los pedidos y tensionar a los gobernadores, potenciales rivales en las disputas locales.<\/p>\n<p>Sostienen su mirada con n\u00fameros, dicen que la incidencia de los impuestos nacionales en la presi\u00f3n fiscal que sufre el campo es del 70%, mientras que la de las provincias no supera el 5%. Son las mismas cifras que utilizan para justificar sus dichos acerca de que no tienen ning\u00fan otro resquicio impositivo donde quede alg\u00fan tributo sin reducir. \u201cNo tenemos m\u00e1s de d\u00f3nde cortar y las retenciones siguen igual que siempre, pero las puteadas son para nosotros\u201d, explic\u00f3 en off un miembro de la mesa chica de uno de los gobernadores.<\/p>\n<p>Es un tema complejo para los tres mosqueteros de la Regi\u00f3n Centro. Sus electorados comparten una identidad muy ligada al campo y cualquier movida que los posicione en contra de ese sector es riesgosa, m\u00e1s a\u00fan en un a\u00f1o electoral. Esa menci\u00f3n al ADN chacarero, ese mimo constante, fue una figurita repetida en las declaraciones de Pullaro, Llaryora y Frigerio: \u201cNuestros productores no ponen la plata en las Islas Caim\u00e1n o en alg\u00fan otro para\u00edso fiscal, la reinvierten y mueven la rueda de la econom\u00eda\u201d, repitieron, por ejemplo, el santafesino y el cordob\u00e9s.<\/p>\n<p>&nbsp;<\/p>\n<p><strong>El trato de cirujano con Milei<\/strong><\/p>\n<p>Los gobernadores se encontraron ante un desaf\u00edo que puso a prueba sus dotes de equilibristas: enviar un mensaje al campo que ponga el foco sobre Milei y su gobierno pero sin mostrarse como opositores ac\u00e9rrimos. De ah\u00ed los anuncios algo light y las constantes declaraciones que buscaron dejar en claro que est\u00e1n de acuerdo \u201ccon la baja impositiva y sostener el equilibrio fiscal\u201d. De ah\u00ed, tambi\u00e9n, la preocupaci\u00f3n por aclarar que no se trat\u00f3 de una \u201cdemostraci\u00f3n de fuerzas\u201d y que el evento \u201cno tuvo nada que ver con lo electoral\u201d.<\/p>\n<p>Tanto Pullaro como Llaryora y Frigerio operan en el mismo escenario expresado en las encuestas que consumen: comparten electorado con el Presidente. \u201cNo nos queremos pelear, pero tenemos que hacer notar la realidad\u201d, reconoc\u00eda una fuente entrerriana. \u201cHoy es solo foto, ese es el mensaje, no queremos hacer una de m\u00e1s\u201d, sum\u00f3 una garganta santafesina. La experiencia del cordob\u00e9s a principio de a\u00f1o, cuando quiso endurecer su trato con el Gobierno y lo pag\u00f3 con una ca\u00edda en las encuestas, cal\u00f3 hondo entre los gobernadores de la pampa gringa.<\/p>\n<p>Sin embargo, las frases elegidas por cada uno de los mandatarios cristalizaron los matices de los v\u00ednculos que cada uno mantiene con la Casa Rosada. Mientras Pullaro y Llaryora fueron un poquito m\u00e1s all\u00e1 en los cruces -el santafesino se\u00f1al\u00f3 a Buenos Aires como un polo de poder que no entiende al campo y el cordob\u00e9s pidi\u00f3 \u201cno matar al motor productivo\u201d del pa\u00eds-, Frigerio se mantuvo m\u00e1s formal en sus dichos. Tiene sentido: Entre R\u00edos es, de las tres provincias, la de las cuentas m\u00e1s desequilibradas, por lo que no se puede dar el lujo de detonar todos los puentes con el Gobierno.<\/p>\n","protected":false},"excerpt":{"rendered":"<p>Reclamaron a la Casa Rosada que baje los derechos de exportaci\u00f3n y mandaron el mensaje a los productores: ag\u00e1rrensela con el Presidente &nbsp; &nbsp; \u201cHermanos gobernadores, bienvenidos a la invencible provincia de Santa Fe\u201d. Con esa frase, Maximiliano Pullaro recibi\u00f3 a Mart\u00edn Llaryora y Rogelio Frigerio, sus pares de C\u00f3rdoba y Entre R\u00edos, para escenificar un mensaje que necesitan que penetre en el campo: nosotros ya cedimos todo lo que pudimos, ahora le toca a Javier Milei bajar las retenciones. La cita fue en las primeras horas del martes, en&#8230;<\/p>\n","protected":false},"author":3,"featured_media":124428,"comment_status":"closed","ping_status":"closed","sticky":false,"template":"","format":"standard","meta":[],"categories":[9],"tags":[],"_links":{"self":[{"href":"https:\/\/www.actualidadadiario.com\/index.php\/wp-json\/wp\/v2\/posts\/124427"}],"collection":[{"href":"https:\/\/www.actualidadadiario.com\/index.php\/wp-json\/wp\/v2\/posts"}],"about":[{"href":"https:\/\/www.actualidadadiario.com\/index.php\/wp-json\/wp\/v2\/types\/post"}],"author":[{"embeddable":true,"href":"https:\/\/www.actualidadadiario.com\/index.php\/wp-json\/wp\/v2\/users\/3"}],"replies":[{"embeddable":true,"href":"https:\/\/www.actualidadadiario.com\/index.php\/wp-json\/wp\/v2\/comments?post=124427"}],"version-history":[{"count":1,"href":"https:\/\/www.actualidadadiario.com\/index.php\/wp-json\/wp\/v2\/posts\/124427\/revisions"}],"predecessor-version":[{"id":124429,"href":"https:\/\/www.actualidadadiario.com\/index.php\/wp-json\/wp\/v2\/posts\/124427\/revisions\/124429"}],"wp:featuredmedia":[{"embeddable":true,"href":"https:\/\/www.actualidadadiario.com\/index.php\/wp-json\/wp\/v2\/media\/124428"}],"wp:attachment":[{"href":"https:\/\/www.actualidadadiario.com\/index.php\/wp-json\/wp\/v2\/media?parent=124427"}],"wp:term":[{"taxonomy":"category","embeddable":true,"href":"https:\/\/www.actualidadadiario.com\/index.php\/wp-json\/wp\/v2\/categories?post=124427"},{"taxonomy":"post_tag","embeddable":true,"href":"https:\/\/www.actualidadadiario.com\/index.php\/wp-json\/wp\/v2\/tags?post=124427"}],"curies":[{"name":"wp","href":"https:\/\/api.w.org\/{rel}","templated":true}]}}