{"id":124410,"date":"2025-01-21T12:35:47","date_gmt":"2025-01-21T15:35:47","guid":{"rendered":"https:\/\/www.actualidadadiario.com\/?p=124410"},"modified":"2025-01-21T12:35:47","modified_gmt":"2025-01-21T15:35:47","slug":"el-gobierno-recibe-a-diputados-aliados-y-organiza-una-reunion-con-senadores","status":"publish","type":"post","link":"https:\/\/www.actualidadadiario.com\/index.php\/2025\/01\/21\/el-gobierno-recibe-a-diputados-aliados-y-organiza-una-reunion-con-senadores\/","title":{"rendered":"El Gobierno recibe a diputados aliados y organiza una reuni\u00f3n con senadores"},"content":{"rendered":"<p style=\"text-align: center;\"><em><strong>El jefe de Gabinete, Guillermo Francos, se reunir\u00e1 esta tarde con los bloques del PRO y la UCR. En cuanto al encuentro que quieren concertar con los legisladores de la C\u00e1mara alta, todav\u00eda no hay una fecha establecida, pero se realizar\u00eda \u201ca la brevedad\u201d<\/strong><\/em><\/p>\n<p>&nbsp;<\/p>\n<p>&nbsp;<\/p>\n<p>El Gobierno organiza una reuni\u00f3n en Casa Rosada con los senadores de la oposici\u00f3n dialoguista con el objetivo de acordar el apoyo a proyectos claves que se van a tratar en la C\u00e1mara alta durante estas sesiones extraordinarias.<\/p>\n<p>Si bien todav\u00eda no hay una fecha definida, fuentes cercanas a las negociaciones aseguraron a Infobae que el encuentro se realizar\u00eda \u201ca la brevedad\u201d y ser\u00e1 Guillermo Francos quien se encargar\u00e1 de enviar las invitaciones correspondientes.<\/p>\n<p>En paralelo, el jefe de Gabinete recibir\u00e1 en su oficina a los diputados del PRO y de la Uni\u00f3n C\u00edvica Radical (UCR), a quienes les explicar\u00e1n en profundidad las iniciativas enviadas al Congreso por el Poder Ejecutivo.<\/p>\n<p>El gran ausente de la jornada ser\u00eda el l\u00edder de Encuentro Federal, Miguel \u00c1ngel Pichetto, quien, a pesar de que fue convocado, anticip\u00f3 que no va a ir porque considera que las conversaciones deber\u00edan darse en el Palacio Legislativo.<\/p>\n<p>En el Senado, las autoridades nacionales tienen como principal inter\u00e9s la aprobaci\u00f3n de los pliegos de Ariel Lijo y Manuel Garc\u00eda Mansilla a la Corte Suprema de Justicia, que por el momento no cuentan con el respaldo necesario.<\/p>\n<p>Si bien el primero de ellos ya cuenta con dictamen y pasar\u00eda la votaci\u00f3n sin problemas, el segundo juez es m\u00e1s resistido y el presidente Javier Milei incluso analiza designarlo por decreto.<\/p>\n<p>Para evitar eso, Francos invitar\u00e1 a los principales dirigentes de la oposici\u00f3n dialoguista en el Senado, Eduardo Alejandro Vischi, de la UCR, y Luis Juez, que -por ahora- sigue al frente del PRO.<\/p>\n<p>El cordob\u00e9s se mostr\u00f3 en el \u00faltimo tiempo muy cerca del oficialismo y ya expres\u00f3 su intenci\u00f3n de abandonar la presidencia del bloque.<\/p>\n<p>Sin embargo, en el Gobierno no descartan extender la reuni\u00f3n a otros espacios cercanos, como Carlos \u201cCamau\u201d Esp\u00ednola, de Unidad Federal; Lucila Crexell, de Movimiento Neuquino, y Juan Carlos Romero y Beatriz \u00c1vila, de Cambio Federal y Por la Justicia Social, respectivamente. Juntos componen el interbloque \u201cProvincias Unidas\u201d.<\/p>\n","protected":false},"excerpt":{"rendered":"<p>El jefe de Gabinete, Guillermo Francos, se reunir\u00e1 esta tarde con los bloques del PRO y la UCR. En cuanto al encuentro que quieren concertar con los legisladores de la C\u00e1mara alta, todav\u00eda no hay una fecha establecida, pero se realizar\u00eda \u201ca la brevedad\u201d &nbsp; &nbsp; El Gobierno organiza una reuni\u00f3n en Casa Rosada con los senadores de la oposici\u00f3n dialoguista con el objetivo de acordar el apoyo a proyectos claves que se van a tratar en la C\u00e1mara alta durante estas sesiones extraordinarias. Si bien todav\u00eda no hay una&#8230;<\/p>\n","protected":false},"author":3,"featured_media":117567,"comment_status":"closed","ping_status":"closed","sticky":false,"template":"","format":"standard","meta":[],"categories":[18],"tags":[],"_links":{"self":[{"href":"https:\/\/www.actualidadadiario.com\/index.php\/wp-json\/wp\/v2\/posts\/124410"}],"collection":[{"href":"https:\/\/www.actualidadadiario.com\/index.php\/wp-json\/wp\/v2\/posts"}],"about":[{"href":"https:\/\/www.actualidadadiario.com\/index.php\/wp-json\/wp\/v2\/types\/post"}],"author":[{"embeddable":true,"href":"https:\/\/www.actualidadadiario.com\/index.php\/wp-json\/wp\/v2\/users\/3"}],"replies":[{"embeddable":true,"href":"https:\/\/www.actualidadadiario.com\/index.php\/wp-json\/wp\/v2\/comments?post=124410"}],"version-history":[{"count":1,"href":"https:\/\/www.actualidadadiario.com\/index.php\/wp-json\/wp\/v2\/posts\/124410\/revisions"}],"predecessor-version":[{"id":124411,"href":"https:\/\/www.actualidadadiario.com\/index.php\/wp-json\/wp\/v2\/posts\/124410\/revisions\/124411"}],"wp:featuredmedia":[{"embeddable":true,"href":"https:\/\/www.actualidadadiario.com\/index.php\/wp-json\/wp\/v2\/media\/117567"}],"wp:attachment":[{"href":"https:\/\/www.actualidadadiario.com\/index.php\/wp-json\/wp\/v2\/media?parent=124410"}],"wp:term":[{"taxonomy":"category","embeddable":true,"href":"https:\/\/www.actualidadadiario.com\/index.php\/wp-json\/wp\/v2\/categories?post=124410"},{"taxonomy":"post_tag","embeddable":true,"href":"https:\/\/www.actualidadadiario.com\/index.php\/wp-json\/wp\/v2\/tags?post=124410"}],"curies":[{"name":"wp","href":"https:\/\/api.w.org\/{rel}","templated":true}]}}