{"id":124408,"date":"2025-01-21T12:34:49","date_gmt":"2025-01-21T15:34:49","guid":{"rendered":"https:\/\/www.actualidadadiario.com\/?p=124408"},"modified":"2025-01-21T12:34:49","modified_gmt":"2025-01-21T15:34:49","slug":"cuneo-libarona-avalo-declaraciones-de-trump-contra-la-ideologia-de-genero","status":"publish","type":"post","link":"https:\/\/www.actualidadadiario.com\/index.php\/2025\/01\/21\/cuneo-libarona-avalo-declaraciones-de-trump-contra-la-ideologia-de-genero\/","title":{"rendered":"C\u00faneo Libarona aval\u00f3 declaraciones de Trump contra la ideolog\u00eda de g\u00e9nero"},"content":{"rendered":"<p style=\"text-align: center;\"><em><strong>C\u00faneo Libarona apoya a Trump tras sus declaraciones sobre la ideolog\u00eda de g\u00e9nero. El ministro de Justicia refuerza su postura contra las pol\u00edticas de g\u00e9nero<\/strong><\/em><\/p>\n<p>&nbsp;<\/p>\n<p>&nbsp;<\/p>\n<p>En medio de la euforia por el regreso de Donald Trump a la Casa Blanca, su primer discurso como presidente dej\u00f3 en claro una de las posturas que marcar\u00e1n su segundo mandato: una firme cr\u00edtica a la ideolog\u00eda de g\u00e9nero. &#8220;Esta semana, tambi\u00e9n terminar\u00e9 con las pol\u00edticas gubernamentales de ingenier\u00eda social basadas en la raza y el g\u00e9nero. Vamos a forjar una sociedad que no distinga por colores y est\u00e9 basada en el m\u00e9rito. Desde hoy, ser\u00e1 la pol\u00edtica oficial del Gobierno de los Estados Unidos que hay solo dos g\u00e9neros: masculino y femenino&#8221;, expres\u00f3 el flamante presidente durante la ceremonia de asunci\u00f3n.<\/p>\n<p>&nbsp;<\/p>\n<p><strong>C\u00faneo Libarona y su apoyo rotundo a Trump<\/strong><\/p>\n<p>Las palabras de Trump fueron r\u00e1pidamente avaladas por figuras del \u00e1mbito pol\u00edtico argentino. El ministro de Justicia, Mart\u00edn C\u00faneo Libarona, expres\u00f3 su respaldo en un mensaje publicado en la red social X. &#8220;Lo que hoy dijo el presidente Trump es lo mismo que sostenemos desde el primer d\u00eda de nuestra gesti\u00f3n. Vamos a recuperar el sentido com\u00fan y erradicar la ideolog\u00eda de g\u00e9nero de la Secretar\u00eda de DDHH y de la Justicia&#8221;, afirm\u00f3 el funcionario, destacando la coincidencia entre su Gobierno y las pol\u00edticas del presidente republicano.<\/p>\n<p>La postura de C\u00faneo Libarona resuena fuertemente dentro del Gobierno de Javier Milei, que ha dejado claro su rechazo a la ideolog\u00eda de g\u00e9nero y sus pol\u00edticas asociadas. La alineaci\u00f3n con Trump parece consolidarse como un eje estrat\u00e9gico, no solo en materia econ\u00f3mica y de pol\u00edticas exteriores, sino tambi\u00e9n en temas sociales y culturales.<\/p>\n<p>&nbsp;<\/p>\n<p><strong>El mensaje del Gobierno argentino tras la asunci\u00f3n de Trump<\/strong><\/p>\n<p>En un comunicado oficial difundido por las redes sociales de la Oficina del Presidente, el Gobierno de Argentina felicit\u00f3 a Trump por su regreso al poder y destac\u00f3 las pol\u00edticas que el republicano implement\u00f3 durante su primera administraci\u00f3n. \u201cDurante su primer mandato, Trump fue un ejemplo mundial en la lucha contra la casta pol\u00edtica, demostr\u00f3 los efectos positivos de la reducci\u00f3n de impuestos y la eliminaci\u00f3n de regulaciones, y promovi\u00f3 la paz en el mundo\u201d, se\u00f1al\u00f3 el comunicado.<\/p>\n<p>Asimismo, el Gobierno argentino destac\u00f3 su alineaci\u00f3n con los Estados Unidos de Am\u00e9rica, un compromiso que consideran fortalecer\u00e1 y profundizar\u00e1 en esta nueva etapa. La invitaci\u00f3n que recibi\u00f3 el presidente argentino Javier Milei a la ceremonia de asunci\u00f3n fue recibida como un honor y refuerza la relaci\u00f3n entre ambas naciones.<\/p>\n<p>&nbsp;<\/p>\n<p><strong>Alineamiento con los valores de Occidente<\/strong><\/p>\n<p>En el mensaje, el Gobierno argentino tambi\u00e9n subray\u00f3 el compromiso con los valores del mundo occidental, remarcando que la batalla cultural que lideran desde la Argentina continuar\u00e1. Esta visi\u00f3n, centrada en la lucha contra lo que consideran una agenda progresista, se alinea con la postura de Trump, quien se ha mostrado como un firme defensor de los valores tradicionales frente a las corrientes progresistas que promueven la diversidad de g\u00e9nero y otras pol\u00edticas sociales.<\/p>\n<p>El respaldo de C\u00faneo Libarona y la postura firme de Milei dejan claro que, m\u00e1s all\u00e1 de las relaciones diplom\u00e1ticas, la lucha contra la ideolog\u00eda de g\u00e9nero y la defensa de los valores conservadores ser\u00e1n uno de los pilares de su gesti\u00f3n.<\/p>\n","protected":false},"excerpt":{"rendered":"<p>C\u00faneo Libarona apoya a Trump tras sus declaraciones sobre la ideolog\u00eda de g\u00e9nero. El ministro de Justicia refuerza su postura contra las pol\u00edticas de g\u00e9nero &nbsp; &nbsp; En medio de la euforia por el regreso de Donald Trump a la Casa Blanca, su primer discurso como presidente dej\u00f3 en claro una de las posturas que marcar\u00e1n su segundo mandato: una firme cr\u00edtica a la ideolog\u00eda de g\u00e9nero. &#8220;Esta semana, tambi\u00e9n terminar\u00e9 con las pol\u00edticas gubernamentales de ingenier\u00eda social basadas en la raza y el g\u00e9nero. Vamos a forjar una sociedad&#8230;<\/p>\n","protected":false},"author":3,"featured_media":123995,"comment_status":"closed","ping_status":"closed","sticky":false,"template":"","format":"standard","meta":[],"categories":[18],"tags":[],"_links":{"self":[{"href":"https:\/\/www.actualidadadiario.com\/index.php\/wp-json\/wp\/v2\/posts\/124408"}],"collection":[{"href":"https:\/\/www.actualidadadiario.com\/index.php\/wp-json\/wp\/v2\/posts"}],"about":[{"href":"https:\/\/www.actualidadadiario.com\/index.php\/wp-json\/wp\/v2\/types\/post"}],"author":[{"embeddable":true,"href":"https:\/\/www.actualidadadiario.com\/index.php\/wp-json\/wp\/v2\/users\/3"}],"replies":[{"embeddable":true,"href":"https:\/\/www.actualidadadiario.com\/index.php\/wp-json\/wp\/v2\/comments?post=124408"}],"version-history":[{"count":1,"href":"https:\/\/www.actualidadadiario.com\/index.php\/wp-json\/wp\/v2\/posts\/124408\/revisions"}],"predecessor-version":[{"id":124409,"href":"https:\/\/www.actualidadadiario.com\/index.php\/wp-json\/wp\/v2\/posts\/124408\/revisions\/124409"}],"wp:featuredmedia":[{"embeddable":true,"href":"https:\/\/www.actualidadadiario.com\/index.php\/wp-json\/wp\/v2\/media\/123995"}],"wp:attachment":[{"href":"https:\/\/www.actualidadadiario.com\/index.php\/wp-json\/wp\/v2\/media?parent=124408"}],"wp:term":[{"taxonomy":"category","embeddable":true,"href":"https:\/\/www.actualidadadiario.com\/index.php\/wp-json\/wp\/v2\/categories?post=124408"},{"taxonomy":"post_tag","embeddable":true,"href":"https:\/\/www.actualidadadiario.com\/index.php\/wp-json\/wp\/v2\/tags?post=124408"}],"curies":[{"name":"wp","href":"https:\/\/api.w.org\/{rel}","templated":true}]}}