{"id":124402,"date":"2025-01-21T12:32:19","date_gmt":"2025-01-21T15:32:19","guid":{"rendered":"https:\/\/www.actualidadadiario.com\/?p=124402"},"modified":"2025-01-21T12:32:19","modified_gmt":"2025-01-21T15:32:19","slug":"abuelas-de-plaza-de-mayo-anuncio-la-aparicion-de-la-nieta-n-139","status":"publish","type":"post","link":"https:\/\/www.actualidadadiario.com\/index.php\/2025\/01\/21\/abuelas-de-plaza-de-mayo-anuncio-la-aparicion-de-la-nieta-n-139\/","title":{"rendered":"Abuelas de Plaza de Mayo anunci\u00f3 la aparici\u00f3n de la nieta N\u00b0 139"},"content":{"rendered":"<p style=\"text-align: center;\"><em><strong>La organizaci\u00f3n inform\u00f3 que realizar\u00e1n una conferencia, a las 14hs, en la Casa por la Identidad del Espacio Memoria y Derechos Humanos, ex ESMA<\/strong><\/em><\/p>\n<p>&nbsp;<\/p>\n<p>&nbsp;<\/p>\n<p>Abuelas de Plaza de Mayo anunci\u00f3 la aparici\u00f3n de la nieta Nro. 139; hoy a las 14hs. se realizar\u00e1 una conferencia de prensa en la Casa de la Identidad donde, representantes de la organizaci\u00f3n, dar\u00e1n los detalles de la recuperaci\u00f3n de esta nueva identidad.<\/p>\n<p>\u201cAbuelas de Plaza de Mayo invita a la conferencia de prensa en la que daremos detalles sobre el feliz encuentro de la nieta 139.\u00a0 Los y las esperamos hoy, martes 21 de enero, a las 14 hs, en el auditorio de la Casa por la Identidad del Espacio Memoria y Derechos Humanos, Ex Esma (Av. Del Libertador 8151, CABA).\u201d, confirmaron desde sus web oficial.<\/p>\n<p>En diciembre de 2024, Abuelas comunic\u00f3 que hab\u00edan encontrado al nieto Nro. 138, hijo de Marta Enriqueta Pourtal\u00e9 y Juan Carlos Villamayor, militantes secuestrados en 1976 y que a\u00fan contin\u00faan desaparecidos.<\/p>\n","protected":false},"excerpt":{"rendered":"<p>La organizaci\u00f3n inform\u00f3 que realizar\u00e1n una conferencia, a las 14hs, en la Casa por la Identidad del Espacio Memoria y Derechos Humanos, ex ESMA &nbsp; &nbsp; Abuelas de Plaza de Mayo anunci\u00f3 la aparici\u00f3n de la nieta Nro. 139; hoy a las 14hs. se realizar\u00e1 una conferencia de prensa en la Casa de la Identidad donde, representantes de la organizaci\u00f3n, dar\u00e1n los detalles de la recuperaci\u00f3n de esta nueva identidad. \u201cAbuelas de Plaza de Mayo invita a la conferencia de prensa en la que daremos detalles sobre el feliz encuentro&#8230;<\/p>\n","protected":false},"author":3,"featured_media":124403,"comment_status":"closed","ping_status":"closed","sticky":false,"template":"","format":"standard","meta":[],"categories":[9],"tags":[],"_links":{"self":[{"href":"https:\/\/www.actualidadadiario.com\/index.php\/wp-json\/wp\/v2\/posts\/124402"}],"collection":[{"href":"https:\/\/www.actualidadadiario.com\/index.php\/wp-json\/wp\/v2\/posts"}],"about":[{"href":"https:\/\/www.actualidadadiario.com\/index.php\/wp-json\/wp\/v2\/types\/post"}],"author":[{"embeddable":true,"href":"https:\/\/www.actualidadadiario.com\/index.php\/wp-json\/wp\/v2\/users\/3"}],"replies":[{"embeddable":true,"href":"https:\/\/www.actualidadadiario.com\/index.php\/wp-json\/wp\/v2\/comments?post=124402"}],"version-history":[{"count":1,"href":"https:\/\/www.actualidadadiario.com\/index.php\/wp-json\/wp\/v2\/posts\/124402\/revisions"}],"predecessor-version":[{"id":124404,"href":"https:\/\/www.actualidadadiario.com\/index.php\/wp-json\/wp\/v2\/posts\/124402\/revisions\/124404"}],"wp:featuredmedia":[{"embeddable":true,"href":"https:\/\/www.actualidadadiario.com\/index.php\/wp-json\/wp\/v2\/media\/124403"}],"wp:attachment":[{"href":"https:\/\/www.actualidadadiario.com\/index.php\/wp-json\/wp\/v2\/media?parent=124402"}],"wp:term":[{"taxonomy":"category","embeddable":true,"href":"https:\/\/www.actualidadadiario.com\/index.php\/wp-json\/wp\/v2\/categories?post=124402"},{"taxonomy":"post_tag","embeddable":true,"href":"https:\/\/www.actualidadadiario.com\/index.php\/wp-json\/wp\/v2\/tags?post=124402"}],"curies":[{"name":"wp","href":"https:\/\/api.w.org\/{rel}","templated":true}]}}