{"id":124400,"date":"2025-01-21T12:30:23","date_gmt":"2025-01-21T15:30:23","guid":{"rendered":"https:\/\/www.actualidadadiario.com\/?p=124400"},"modified":"2025-01-21T12:30:23","modified_gmt":"2025-01-21T15:30:23","slug":"el-salario-promedio-registrado-en-octubre-2024-quedo-55-por-debajo-del-de-noviembre-de-2023","status":"publish","type":"post","link":"https:\/\/www.actualidadadiario.com\/index.php\/2025\/01\/21\/el-salario-promedio-registrado-en-octubre-2024-quedo-55-por-debajo-del-de-noviembre-de-2023\/","title":{"rendered":"El salario promedio registrado en octubre 2024 qued\u00f3 5,5% por debajo del de noviembre de 2023"},"content":{"rendered":"<p style=\"text-align: center;\"><em><strong>Tras la fuerte retracci\u00f3n de principios de 2024, los salarios se recuperaron paulatinamente y permitieron una gradual mejora del poder adquisitivo, pero a\u00fan est\u00e1n en un valor muy bajo<\/strong><\/em><\/p>\n<p>&nbsp;<\/p>\n<p>&nbsp;<\/p>\n<p>En medio de una fuerte recesi\u00f3n, acentuada por la devaluaci\u00f3n y profundizada por las pol\u00edticas de ajuste fiscal y medidas contractivas del gobierno de Javier Milei, los salarios llegaron a tocar en enero de 2024 un piso, con una ca\u00edda de 15,5% respecto de noviembre de 2023. Pero, a partir de all\u00ed, se marc\u00f3 una paulatina reducci\u00f3n de la inflaci\u00f3n que, junto a los aumentos nominales, permitieron una gradual recuperaci\u00f3n del poder adquisitivo.<\/p>\n<p>Los datos surgen de un informe el Centro de Investigaci\u00f3n y Formaci\u00f3n de la Rep\u00fablica Argentina (CIFRA) de la Central de los Trabajadores de Argentina (CTA). El trabajo repasa la evoluci\u00f3n de los salarios durante la gesti\u00f3n libertaria, en medio de declaraciones contradictorias del propio presidente sobre los salarios, que -seg\u00fan \u00e9l- pas\u00f3 de &#8220;u$s300 a u$s1.100&#8221;, aunque despu\u00e9s sali\u00f3 a cruzar a la vicepresidenta Victoria Villarruel -quien dijo que ganaba &#8220;dos chirolas&#8221;- y afirm\u00f3 que \u201cel salario promedio de la econom\u00eda es $400.000 y pico\u201d de pesos.<\/p>\n<p>&nbsp;<\/p>\n<p><strong>Salarios: \u00bfc\u00f3mo fue la evoluci\u00f3n de los haberes en 2024?<\/strong><\/p>\n<p>Los salarios registrados encontraron un piso en el segundo trimestre de 2024, cuando se observ\u00f3 cierta recuperaci\u00f3n hasta volver pr\u00e1cticamente al nivel del \u00faltimo trimestre de 2023. Sin embargo, esta cota es de las m\u00e1s bajas de los \u00faltimos a\u00f1os, ya que en ese momento los haberes registraron una ca\u00edda de 2,1% interanual y solo unas pocas actividades mostraron incrementos, con una marcada heterogeneidad.<\/p>\n<p>La CTA en su informe advierte que &#8220;la recesi\u00f3n afect\u00f3 especialmente al mercado interno&#8221;, tanto desde la oferta como de la demanda y, hasta el momento, no hay signos de una tendencia expansiva.<\/p>\n<p>&#8220;El nivel de consumo aproximado a partir de las ventas de supermercados muestra una fuerte contracci\u00f3n desde el inicio del gobierno actual, sin se\u00f1ales de recuperaci\u00f3n y con una profundizaci\u00f3n de la ca\u00edda en octubre de 2024, quedando 12% por debajo del nivel de noviembre de 2023&#8221;, enfatizaron.<\/p>\n<p>&nbsp;<\/p>\n<p><strong>Cae el empleo y los salarios recuperaron poco<\/strong><\/p>\n<p>En ese contexto de desempe\u00f1o econ\u00f3mico negativo, el empleo tambi\u00e9n observ\u00f3 una retracci\u00f3n significativa. &#8220;La importante ca\u00edda en actividades intensivas en mano de obra, como la construcci\u00f3n y ciertos sectores industriales, fue determinante para este resultado&#8221;, subrayaron. Esto produjo un incremento de la desocupaci\u00f3n, tras varios a\u00f1os de trayectoria descendente, que se elev\u00f3 de 5,7% en el tercer trimestre de 2023 a 6,9% en el mismo per\u00edodo de 2024. &#8220;Con este aumento, el n\u00famero de personas desocupadas puede estimarse en 1,6 millones&#8221;, proyectaron.<\/p>\n<p>En contraste con los a\u00f1os previos, el empleo registrado en relaci\u00f3n de dependencia fue fuertemente afectado, ya que entre noviembre de 2023 y octubre de 2024, el n\u00famero de asalariados registrados se redujo en casi 187.000. La p\u00e9rdida estuvo especialmente concentrada en el sector privado, donde la reducci\u00f3n alcanz\u00f3 pr\u00e1cticamente a 124.000 trabajadores (-1,9%). Aunque, entre julio y octubre, se verific\u00f3 un leve aumento de 0,3% tras 11 meses de ca\u00eddas sucesivas.<\/p>\n<p>En el sector p\u00fablico se vio una baja de m\u00e1s de 43.000 asalariados registrados entre noviembre de 2023 y octubre de 2024, explicadas principalmente por despidos y finalizaciones de contratos en la Administraci\u00f3n P\u00fablica Nacional. Tambi\u00e9n jugaron un rol clave los efectos del ajuste presupuestario sobre el empleo provincial.<\/p>\n<p>&nbsp;<\/p>\n<p><strong>\u00bfLos salarios se recuperaron?<\/strong><\/p>\n<p>La evoluci\u00f3n real de los salarios registrados estuvo condicionada por la inflaci\u00f3n. En enero de 2024 alcanzaron un m\u00ednimo tras una ca\u00edda de 15,5% respecto de noviembre de 2023. Desde ese piso, los aumentos nominales de salarios negociados superaron las subas de precios, permitiendo una recuperaci\u00f3n gradual del poder adquisitivo, en el marco de una paulatina reducci\u00f3n de la inflaci\u00f3n. As\u00ed, el salario promedio registrado real en octubre 2024 qued\u00f3 5,5% por debajo del disminuido valor de noviembre de 2023.<\/p>\n<p>&#8220;La recuperaci\u00f3n de los salarios registrados es solo relativa&#8221;, destaca la CTA. Esto se debe a que los haberes volvieron a niveles similares a los del fin del gobierno anterior, momento en el que ya hab\u00edan sufrido importantes retracciones. Esta recuperaci\u00f3n obedece fundamentalmente a la din\u00e1mica de los salarios del sector privado, ya que en el sector p\u00fablico no se advierte el mismo desempe\u00f1o, explicaron.<\/p>\n<p>En octubre de 2024, el salario real del sector privado, seg\u00fan el \u00cdndice de Salarios del INDEC, se situ\u00f3 pr\u00e1cticamente al mismo nivel que en noviembre de 2023, mientras que de acuerdo con datos del SIPA publicados por la Secretar\u00eda de Trabajo lo super\u00f3 por 1% y continu\u00f3 creciendo 1,6% adicional en noviembre. &#8220;M\u00e1s all\u00e1 de la evoluci\u00f3n promedio, se advierte una fuerte heterogeneidad&#8221;, concluyeron.<\/p>\n","protected":false},"excerpt":{"rendered":"<p>Tras la fuerte retracci\u00f3n de principios de 2024, los salarios se recuperaron paulatinamente y permitieron una gradual mejora del poder adquisitivo, pero a\u00fan est\u00e1n en un valor muy bajo &nbsp; &nbsp; En medio de una fuerte recesi\u00f3n, acentuada por la devaluaci\u00f3n y profundizada por las pol\u00edticas de ajuste fiscal y medidas contractivas del gobierno de Javier Milei, los salarios llegaron a tocar en enero de 2024 un piso, con una ca\u00edda de 15,5% respecto de noviembre de 2023. Pero, a partir de all\u00ed, se marc\u00f3 una paulatina reducci\u00f3n de la&#8230;<\/p>\n","protected":false},"author":3,"featured_media":32072,"comment_status":"closed","ping_status":"closed","sticky":false,"template":"","format":"standard","meta":[],"categories":[9],"tags":[],"_links":{"self":[{"href":"https:\/\/www.actualidadadiario.com\/index.php\/wp-json\/wp\/v2\/posts\/124400"}],"collection":[{"href":"https:\/\/www.actualidadadiario.com\/index.php\/wp-json\/wp\/v2\/posts"}],"about":[{"href":"https:\/\/www.actualidadadiario.com\/index.php\/wp-json\/wp\/v2\/types\/post"}],"author":[{"embeddable":true,"href":"https:\/\/www.actualidadadiario.com\/index.php\/wp-json\/wp\/v2\/users\/3"}],"replies":[{"embeddable":true,"href":"https:\/\/www.actualidadadiario.com\/index.php\/wp-json\/wp\/v2\/comments?post=124400"}],"version-history":[{"count":1,"href":"https:\/\/www.actualidadadiario.com\/index.php\/wp-json\/wp\/v2\/posts\/124400\/revisions"}],"predecessor-version":[{"id":124401,"href":"https:\/\/www.actualidadadiario.com\/index.php\/wp-json\/wp\/v2\/posts\/124400\/revisions\/124401"}],"wp:featuredmedia":[{"embeddable":true,"href":"https:\/\/www.actualidadadiario.com\/index.php\/wp-json\/wp\/v2\/media\/32072"}],"wp:attachment":[{"href":"https:\/\/www.actualidadadiario.com\/index.php\/wp-json\/wp\/v2\/media?parent=124400"}],"wp:term":[{"taxonomy":"category","embeddable":true,"href":"https:\/\/www.actualidadadiario.com\/index.php\/wp-json\/wp\/v2\/categories?post=124400"},{"taxonomy":"post_tag","embeddable":true,"href":"https:\/\/www.actualidadadiario.com\/index.php\/wp-json\/wp\/v2\/tags?post=124400"}],"curies":[{"name":"wp","href":"https:\/\/api.w.org\/{rel}","templated":true}]}}