{"id":124396,"date":"2025-01-21T11:15:05","date_gmt":"2025-01-21T14:15:05","guid":{"rendered":"https:\/\/www.actualidadadiario.com\/?p=124396"},"modified":"2025-01-21T11:15:05","modified_gmt":"2025-01-21T14:15:05","slug":"frigerio-se-reunira-en-rosario-con-pullaro-y-llaryora","status":"publish","type":"post","link":"https:\/\/www.actualidadadiario.com\/index.php\/2025\/01\/21\/frigerio-se-reunira-en-rosario-con-pullaro-y-llaryora\/","title":{"rendered":"Frigerio se reunir\u00e1 en Rosario con Pullaro y Llaryora"},"content":{"rendered":"<p style=\"text-align: center;\"><em><strong>Los gobernadores de C\u00f3rdoba y Santa Fe cambian de escenario a menos de una semana de su \u00faltimo encuentro y suman a Rogelio Frigerio a la discusi\u00f3n<\/strong><\/em><\/p>\n<p>&nbsp;<\/p>\n<p>&nbsp;<\/p>\n<p>Luego del primer aviso por las retenciones como visitante, el gobernador de Santa Fe, Maximiliano Pullaro, vuelve a compartir su agenda de verano con su par cordob\u00e9s, Mart\u00edn Llaryora, y no s\u00f3lo cambian los roles en materia protocolar. Los funcionarios organizaron una reuni\u00f3n de trabajo en Rosario y le extendieron la invitaci\u00f3n al gobernador de Entre R\u00edos, Rogelio Frigerio, dentro de un plan de acci\u00f3n que cruza los l\u00edmites partidarios.<\/p>\n<p>El gobernador de Santa Fe recibir\u00e1 a su par mediterr\u00e1neo este martes a la ma\u00f1ana con un temario que mantiene el foco en el sector productivo. De hecho, el plan consiste en ampliar la mesa para contar con los funcionarios especializados de sus respectivos gabinetes.<\/p>\n<p>Seg\u00fan adelantaron fuentes oficiales, Pullaro recibir\u00e1 a Llaryora y Frigerio por la ma\u00f1ana. Se trata del primer encuentro de las m\u00e1ximas autoridades de la Regi\u00f3n Centro en 2025. La iniciativa ratifica que se trata de un a\u00f1o electoral con un ritmo distinto por el pulso que marca la convenci\u00f3n de la reforma constitucional sobre el cronograma de los provinciales y nacionales.<\/p>\n<p>&nbsp;<\/p>\n<p><strong>\u00bfPor qu\u00e9 se re\u00fanen Maximiliano Pullaro, Llaryora y Frigerio?<\/strong><\/p>\n<p>El encuentro en Rosario apuesta a reunir a los equipos de producci\u00f3n de cada gobierno luego del reclamo de \u201calivio\u201d para el sector agr\u00edcola. \u201cEntendemos que las retenciones afectan al campo, poni\u00e9ndole trabas para su crecimiento\u201d, coment\u00f3 el jefe de la Casa Gris la semana anterior, cuando celebr\u00f3 la primera reuni\u00f3n en la ciudad de C\u00f3rdoba.<\/p>\n<p>Frigerio no estuvo en La Docta ni en Jes\u00fas Mar\u00eda, pero su visita a Rosario indica que est\u00e1 en la misma sinton\u00eda que el resto de los mandatarios del centro argentino. Aunque est\u00e1n lejos de levantar la bandera de la oposici\u00f3n extrema a Javier Milei, los tres esperan un cambio sustancial en cuanto a la pol\u00edtica nacional de exportaciones del sector primario.<\/p>\n<p>Antes del anuncio oficial, el gobierno santafesino sali\u00f3 a apuntalar su perfil af\u00edn con el desarrollo productivo y este domingo destac\u00f3 la inversi\u00f3n de m\u00e1s de 353 millones de d\u00f3lares durante 2024 para potenciar al campo. Fuentes oficiales remarcaron que el plan de Pullaro no s\u00f3lo apunta a promover la actividad agropecuaria, sino tambi\u00e9n a mejorar las condiciones de competitividad.<\/p>\n<p>El balance del primer a\u00f1o de gesti\u00f3n de Unidos volvi\u00f3 sobre la cr\u00edtica al gobierno de La Libertad Avanza por un problema de vieja data. De acuerdo al an\u00e1lisis de los funcionarios provinciales, Santa Fe aport\u00f3 m\u00e1s de 2.900 millones de d\u00f3lares en retenciones y la administraci\u00f3n de Milei gener\u00f3 un retorno \u201cnulo\u201d en lo que respecta a obras de infraestructura.<\/p>\n<p>&nbsp;<\/p>\n<p><strong>Las coincidencias de Pullaro y Llaryora<\/strong><\/p>\n<p>Adem\u00e1s de la preocupaci\u00f3n por la carga tributaria que pesa sobre el sector primario, Pullaro y su par cordob\u00e9s organizaron la primera reuni\u00f3n con la intenci\u00f3n de afianzar los lazos tur\u00edsticos. De hecho, la recorrida del santafesino fue m\u00e1s all\u00e1 de la ciudad capital y acompa\u00f1\u00f3 a la delegaci\u00f3n del Festival Nacional de Doma y Folklore.<\/p>\n<p>Despu\u00e9s del encuentro, Pullaro ratific\u00f3 que no hay grandes diferencias en cuanto a la postura econ\u00f3mica de los referentes de la Regi\u00f3n Centro. En esa l\u00ednea adelant\u00f3: \u201cVamos a seguir trabajando para defender las econom\u00edas de interior y a los productores que realizan un gran esfuerzo porque apuestan cada d\u00eda al desarrollo del pa\u00eds\u201d.<\/p>\n","protected":false},"excerpt":{"rendered":"<p>Los gobernadores de C\u00f3rdoba y Santa Fe cambian de escenario a menos de una semana de su \u00faltimo encuentro y suman a Rogelio Frigerio a la discusi\u00f3n &nbsp; &nbsp; Luego del primer aviso por las retenciones como visitante, el gobernador de Santa Fe, Maximiliano Pullaro, vuelve a compartir su agenda de verano con su par cordob\u00e9s, Mart\u00edn Llaryora, y no s\u00f3lo cambian los roles en materia protocolar. Los funcionarios organizaron una reuni\u00f3n de trabajo en Rosario y le extendieron la invitaci\u00f3n al gobernador de Entre R\u00edos, Rogelio Frigerio, dentro de&#8230;<\/p>\n","protected":false},"author":3,"featured_media":118266,"comment_status":"closed","ping_status":"closed","sticky":false,"template":"","format":"standard","meta":[],"categories":[15],"tags":[],"_links":{"self":[{"href":"https:\/\/www.actualidadadiario.com\/index.php\/wp-json\/wp\/v2\/posts\/124396"}],"collection":[{"href":"https:\/\/www.actualidadadiario.com\/index.php\/wp-json\/wp\/v2\/posts"}],"about":[{"href":"https:\/\/www.actualidadadiario.com\/index.php\/wp-json\/wp\/v2\/types\/post"}],"author":[{"embeddable":true,"href":"https:\/\/www.actualidadadiario.com\/index.php\/wp-json\/wp\/v2\/users\/3"}],"replies":[{"embeddable":true,"href":"https:\/\/www.actualidadadiario.com\/index.php\/wp-json\/wp\/v2\/comments?post=124396"}],"version-history":[{"count":1,"href":"https:\/\/www.actualidadadiario.com\/index.php\/wp-json\/wp\/v2\/posts\/124396\/revisions"}],"predecessor-version":[{"id":124397,"href":"https:\/\/www.actualidadadiario.com\/index.php\/wp-json\/wp\/v2\/posts\/124396\/revisions\/124397"}],"wp:featuredmedia":[{"embeddable":true,"href":"https:\/\/www.actualidadadiario.com\/index.php\/wp-json\/wp\/v2\/media\/118266"}],"wp:attachment":[{"href":"https:\/\/www.actualidadadiario.com\/index.php\/wp-json\/wp\/v2\/media?parent=124396"}],"wp:term":[{"taxonomy":"category","embeddable":true,"href":"https:\/\/www.actualidadadiario.com\/index.php\/wp-json\/wp\/v2\/categories?post=124396"},{"taxonomy":"post_tag","embeddable":true,"href":"https:\/\/www.actualidadadiario.com\/index.php\/wp-json\/wp\/v2\/tags?post=124396"}],"curies":[{"name":"wp","href":"https:\/\/api.w.org\/{rel}","templated":true}]}}