{"id":124393,"date":"2025-01-21T11:10:41","date_gmt":"2025-01-21T14:10:41","guid":{"rendered":"https:\/\/www.actualidadadiario.com\/?p=124393"},"modified":"2025-01-21T11:10:41","modified_gmt":"2025-01-21T14:10:41","slug":"aumento-la-tarifa-del-servicio-metropolitano-de-transporte","status":"publish","type":"post","link":"https:\/\/www.actualidadadiario.com\/index.php\/2025\/01\/21\/aumento-la-tarifa-del-servicio-metropolitano-de-transporte\/","title":{"rendered":"Aument\u00f3 la tarifa del Servicio Metropolitano de Transporte"},"content":{"rendered":"<p style=\"text-align: center;\"><em><strong>El Ministerio de Planeamiento, Infraestructura y Servicios, inform\u00f3 que el pasaje del Servicio Metropolitano de Transporte tendr\u00e1 una nueva tarifa de 1.400 pesos<\/strong><\/em><\/p>\n<p>&nbsp;<\/p>\n<p>&nbsp;<\/p>\n<p>Esta medida fue ejecutada por el Gobierno Provincial a trav\u00e9s de la autoridad de aplicaci\u00f3n, la Secretar\u00eda de Transporte, como parte de una estrategia para mantener la calidad y continuidad del servicio p\u00fablico. Este incremento acompa\u00f1a los ajustes realizados en las l\u00edneas provinciales y busca asegurar un sistema sostenible y accesible para los usuarios.<\/p>\n<p>La nueva tarifa impacta a las siguientes l\u00edneas del Servicio Metropolitano: 4, 6, 12, 15, 17, 20, 22 y 24, las cuales conectan a diversas comunidades y forman parte esencial del sistema de transporte p\u00fablico en la regi\u00f3n. La medida busca garantizar un equilibrio tarifario entre los usuarios de las diferentes l\u00edneas, asegurando la uniformidad y accesibilidad del servicio.<\/p>\n<p>En declaraciones realizadas al programa A Quien Corresponda (Radio Plaza 94.7), el secretario de Transporte de Entre R\u00edos, Diego Elsesser, explic\u00f3 que \u201cel aumento llega porque la Metropolitana al pasar a ser jurisdicci\u00f3n de la provincia va de la mano del aumento de las l\u00edneas provinciales que se dieron los primeros d\u00edas de diciembre y fueron del 7 y el 8%. En la l\u00ednea Metropolitana tomamos la decisi\u00f3n de que ese aumento se lleve adelante todo junto en enero, y por eso pasa de 1.200 a 1.400 y el tiempo de demora que lleva que el aumento impacte en los colectivos por el sistema Sube\u201d.<\/p>\n<p>Al respecto, explicit\u00f3 que \u201cno se decide de un d\u00eda para el otro aumentar y se ve reflejado en las maquinas enseguida, sino que lleva todo un tr\u00e1mite donde el gobierno provincial tiene que presentar en Sube para que se autorice e impacte en la m\u00e1quina, y eso va a pasar desde hoy\u201d.<\/p>\n<p>Por otra parte, sostuvo que la tarifa del \u00c1rea Metropolitana \u201ctiene los beneficios de los atributos nacionales, que se mantienen, y desde el gobierno provincial estamos trabajando en c\u00f3mo llevar adelante el sistema estudiantil\u201d. \u201cCuando pas\u00f3 del \u00e1rea municipal al provincial, el gobierno provincial se hizo cargo del boleto estudiantil en un gran porcentaje, y en este momento estamos trabajando en c\u00f3mo vamos a llevar adelante eso este a\u00f1o, si ser\u00e1 igual que el a\u00f1o pasado o con variaciones\u201d, agreg\u00f3.<\/p>\n<p>En cuanto al trabajo con el municipio tras el traspaso del servicio a la provincia, Elsesser afirm\u00f3: \u201cVenimos trabajando desde el primer d\u00eda con la Municipalidad de Paran\u00e1 y estamos sac\u00e1ndole un buen provecho a esta divisi\u00f3n porque estamos teniendo un mejor servicio, m\u00e1s all\u00e1 de las unidades que eso s\u00ed se tiene que mejorar. El tema de los servicios se viene trabajando; hace ya varios meses que no tenemos inconvenientes ni con la empresa ni con el Sindicato y eso es por el trabajo conjunto de la Municipalidad y el gobierno provincial con la empresa y el sindicato, y a eso hay que valorarlo. En lo que va de este tiempo, al menos, la gente tiene la seguridad de que el colectivo va a pasar en el horario que tiene que pasar, eso ha mejorado sustancialmente y s\u00ed hay que mejorar las unidades. Por eso Paran\u00e1 va a una licitaci\u00f3n nueva y nosotros estamos trabajando para mejorarlo tambi\u00e9n, pero el servicio que hoy tenemos en la Metropolitana tienen la concesi\u00f3n hasta marzo de 2026 y en tal sentido este a\u00f1o vamos a trabajar para mejorarlo y para que el \u00c1rea Metropolitana y la ciudad de Paran\u00e1 tengan el servicio que se merecen\u201d.<\/p>\n<p>Sobre la concesi\u00f3n, explic\u00f3 que \u201cen marzo de 2026 se termina la concesi\u00f3n; como es l\u00ednea provincial cada dos a\u00f1os en marzo se renuevan las l\u00edneas provinciales (Paran\u00e1-Diamante; Paran\u00e1- Concordia, etc.) si es que no hay ning\u00fan inconveniente. Si vemos que alguna de todas las empresas que trabajan l\u00ednea provincial tiene alg\u00fan inconveniente podemos revocarle la licencia. En eso se est\u00e1 trabajando y estamos buscando la mejor forma para tener el servicio acorde a lo que uno quiere en el \u00c1rea Metropolitana\u201d.<\/p>\n<p>&nbsp;<\/p>\n<p><strong>Aporte del gobierno provincial<\/strong><\/p>\n<p>El Gobierno Provincial realiza una inversi\u00f3n mensual promedio de $114 millones para subsidiar el transporte p\u00fablico metropolitano. Este aporte asegura que la tarifa se mantenga en niveles accesibles para los usuarios y evita que los costos operativos se trasladen completamente al boleto. Sin este aporte, el pasaje podr\u00eda superar ampliamente el valor actual. Durante el mes en curso, se destinaron $800 millones al sistema de transporte en toda la provincia, reafirmando el compromiso de garantizar la sostenibilidad del servicio.<\/p>\n<p>Este subsidio global no est\u00e1 dirigido a un destinatario espec\u00edfico, sino que impacta tanto en los municipios como en los servicios del \u00e1rea metropolitana (A.M.), permitiendo un equilibrio tarifario que beneficia a toda la comunidad usuaria.<\/p>\n<p>&nbsp;<\/p>\n<p><strong>Trabajos en curso: hacia un sistema m\u00e1s equitativo<\/strong><\/p>\n<p>Oficialmente, se inform\u00f3 que la Secretar\u00eda de Transporte contin\u00faa trabajando en la optimizaci\u00f3n del sistema de subsidios, avanzando hacia un modelo m\u00e1s equitativo que pase de subsidiar la oferta a subsidiar la demanda. Este cambio busca focalizar el apoyo en los usuarios que m\u00e1s lo necesitan, mejorando la distribuci\u00f3n de recursos y fortaleciendo el transporte p\u00fablico como herramienta de inclusi\u00f3n social y desarrollo regional.<\/p>\n<p>Para consultas o m\u00e1s informaci\u00f3n, los usuarios pueden comunicarse con la Secretar\u00eda de Transporte al 0343-4207874, de lunes a viernes de 7 a 13 hs.<\/p>\n","protected":false},"excerpt":{"rendered":"<p>El Ministerio de Planeamiento, Infraestructura y Servicios, inform\u00f3 que el pasaje del Servicio Metropolitano de Transporte tendr\u00e1 una nueva tarifa de 1.400 pesos &nbsp; &nbsp; Esta medida fue ejecutada por el Gobierno Provincial a trav\u00e9s de la autoridad de aplicaci\u00f3n, la Secretar\u00eda de Transporte, como parte de una estrategia para mantener la calidad y continuidad del servicio p\u00fablico. Este incremento acompa\u00f1a los ajustes realizados en las l\u00edneas provinciales y busca asegurar un sistema sostenible y accesible para los usuarios. La nueva tarifa impacta a las siguientes l\u00edneas del Servicio Metropolitano:&#8230;<\/p>\n","protected":false},"author":3,"featured_media":124394,"comment_status":"closed","ping_status":"closed","sticky":false,"template":"","format":"standard","meta":[],"categories":[15],"tags":[],"_links":{"self":[{"href":"https:\/\/www.actualidadadiario.com\/index.php\/wp-json\/wp\/v2\/posts\/124393"}],"collection":[{"href":"https:\/\/www.actualidadadiario.com\/index.php\/wp-json\/wp\/v2\/posts"}],"about":[{"href":"https:\/\/www.actualidadadiario.com\/index.php\/wp-json\/wp\/v2\/types\/post"}],"author":[{"embeddable":true,"href":"https:\/\/www.actualidadadiario.com\/index.php\/wp-json\/wp\/v2\/users\/3"}],"replies":[{"embeddable":true,"href":"https:\/\/www.actualidadadiario.com\/index.php\/wp-json\/wp\/v2\/comments?post=124393"}],"version-history":[{"count":1,"href":"https:\/\/www.actualidadadiario.com\/index.php\/wp-json\/wp\/v2\/posts\/124393\/revisions"}],"predecessor-version":[{"id":124395,"href":"https:\/\/www.actualidadadiario.com\/index.php\/wp-json\/wp\/v2\/posts\/124393\/revisions\/124395"}],"wp:featuredmedia":[{"embeddable":true,"href":"https:\/\/www.actualidadadiario.com\/index.php\/wp-json\/wp\/v2\/media\/124394"}],"wp:attachment":[{"href":"https:\/\/www.actualidadadiario.com\/index.php\/wp-json\/wp\/v2\/media?parent=124393"}],"wp:term":[{"taxonomy":"category","embeddable":true,"href":"https:\/\/www.actualidadadiario.com\/index.php\/wp-json\/wp\/v2\/categories?post=124393"},{"taxonomy":"post_tag","embeddable":true,"href":"https:\/\/www.actualidadadiario.com\/index.php\/wp-json\/wp\/v2\/tags?post=124393"}],"curies":[{"name":"wp","href":"https:\/\/api.w.org\/{rel}","templated":true}]}}