{"id":124390,"date":"2025-01-21T11:09:09","date_gmt":"2025-01-21T14:09:09","guid":{"rendered":"https:\/\/www.actualidadadiario.com\/?p=124390"},"modified":"2025-01-21T11:09:09","modified_gmt":"2025-01-21T14:09:09","slug":"estoy-tranquilo-se-como-llegue-a-salto-grande-dijo-galimberti-sobre-los-efectos-de-la-detencion-de-kueider","status":"publish","type":"post","link":"https:\/\/www.actualidadadiario.com\/index.php\/2025\/01\/21\/estoy-tranquilo-se-como-llegue-a-salto-grande-dijo-galimberti-sobre-los-efectos-de-la-detencion-de-kueider\/","title":{"rendered":"\u201cEstoy tranquilo, s\u00e9 c\u00f3mo llegu\u00e9 a Salto Grande\u201d, dijo Galimberti sobre los efectos de la detenci\u00f3n de Kueider"},"content":{"rendered":"<p style=\"text-align: center;\"><em><strong>Lo dijo el ex diputado nacional y actual vicepresidente de la Delegaci\u00f3n Argentina de la Comisi\u00f3n T\u00e9cnica Mixta de Salto Grande. Tambi\u00e9n dijo estar tranquilo sobre lo que hizo en su paso por la C\u00e1mara Baja. Dijo que su llegada a Salto Grande \u201ctiene que ver con un proyecto de desarrollo provincial que encabeza Rogelio Frigerio\u201d y asever\u00f3: \u201cLas peleas que tuvimos que dar las dimos en su momento\u201d<\/strong><\/em><\/p>\n<p>&nbsp;<\/p>\n<p>&nbsp;<\/p>\n<p>Pedro Galimberti, ex intendente de Chajar\u00ed, ex diputado nacional, estuvo en los \u00faltimos d\u00edas participando de actos p\u00fablicos como vicepresidente de la Comisi\u00f3n T\u00e9cnica Mixta (CTM) de Salto Grande.<\/p>\n<p>En ese marco, fue consultado por Radio Chajar\u00ed sobre la situaci\u00f3n que se desprende de la detenci\u00f3n del ex senador nacional por Entre R\u00edos, Edgardo Kueider, en Paraguay.<\/p>\n<p>El legislador justicialista vot\u00f3 a favor de la Ley Bases y desde un principio fue muy cuestionado por su partido, esgrimiendo un acuerdo con el gobernador Rogelio Frigerio para la conformaci\u00f3n de la CTM. En ese marco, con su detenci\u00f3n, se animaron algunos cuestionamientos sobre las designaciones en el organismo, que incluye a Juan Carlos Chagas como delegado argentino y a Galimberti como vicepresidente.<\/p>\n<p>Al respecto, Galimberti respondi\u00f3: \u201cLas elucubraciones pol\u00edticas pasan por otro lado\u201d. Asimismo, dijo estar \u201cabsolutamente tranquilo, se c\u00f3mo llegu\u00e9 a Salto Grande (\u2026) desde mucho antes, estoy tranquilo c\u00f3mo vot\u00e9 como diputado. Fue un proceso de m\u00e1s de dos meses. Yo hab\u00eda anticipado de mi salida y tiene que ver con un proyecto de desarrollo provincial que encabeza Rogelio Frigerio. Las peleas que tuvimos que dar las dimos en su momento. Soy un fuerte defensor de la necesidad de tener pol\u00edticas p\u00fablicas importantes en materia de energ\u00eda, no s\u00f3lo en Salto Grande. Las otras cuestiones tendr\u00e1n que responder los que est\u00e1n implicados\u201d, sentenci\u00f3.<\/p>\n<p>&nbsp;<\/p>\n<p><strong>\u201cSalto Grande, la m\u00e1s econ\u00f3mica\u201d<\/strong><\/p>\n<p>Por otra parte, Galimberti refiri\u00f3 a un tema recurrente y que tiene que ver con el pago que recibe Salto Grande por la generaci\u00f3n de energ\u00eda. \u201cEs la generadora m\u00e1s econ\u00f3mica. Frente a otro tipo de fuentes como solar o e\u00f3lica, los valores m\u00e1s econ\u00f3micos siempre los tiene Salto Grande\u201d, resalt\u00f3.<\/p>\n<p>Admiti\u00f3 que hubo una recomposici\u00f3n en el monto enviado desde Naci\u00f3n por megavatio que genera la represa, pero \u201cde todas las represas hidroel\u00e9ctricas argentinas, es la que tiene el costo del mega m\u00e1s econ\u00f3mico. Hay dos con las mismas caracter\u00edsticas (binacionales), Yacyret\u00e1 y Salto Grande. Yacyret\u00e1 cobra el 120 por ciento m\u00e1s que Salto Grande\u201d, explic\u00f3. De la misma manera, se\u00f1al\u00f3 que los beneficios se canalizan a trav\u00e9s de las regal\u00edas y de los excedentes, estos \u00faltimos administrados por la Cafesg.<\/p>\n<p>Sobre el funcionamiento de CTM, indic\u00f3 que \u201ctuvo tres a\u00f1os deficitarios. Este a\u00f1o se logr\u00f3 equilibrar las cuentas. No est\u00e1 dentro de sus funciones efectuar obras. La ley espec\u00edfica que eso es a trav\u00e9s de la Cafesg, lo que no significa que no lo hagamos. Estamos colaborando en diferentes cuestiones con instituciones, municipios, clubes\u201d, acot\u00f3, poniendo como ejemplo la entrega de termotanques solares a clubes sociales y deportivos.<\/p>\n","protected":false},"excerpt":{"rendered":"<p>Lo dijo el ex diputado nacional y actual vicepresidente de la Delegaci\u00f3n Argentina de la Comisi\u00f3n T\u00e9cnica Mixta de Salto Grande. Tambi\u00e9n dijo estar tranquilo sobre lo que hizo en su paso por la C\u00e1mara Baja. Dijo que su llegada a Salto Grande \u201ctiene que ver con un proyecto de desarrollo provincial que encabeza Rogelio Frigerio\u201d y asever\u00f3: \u201cLas peleas que tuvimos que dar las dimos en su momento\u201d &nbsp; &nbsp; Pedro Galimberti, ex intendente de Chajar\u00ed, ex diputado nacional, estuvo en los \u00faltimos d\u00edas participando de actos p\u00fablicos como&#8230;<\/p>\n","protected":false},"author":3,"featured_media":124391,"comment_status":"closed","ping_status":"closed","sticky":false,"template":"","format":"standard","meta":[],"categories":[15],"tags":[],"_links":{"self":[{"href":"https:\/\/www.actualidadadiario.com\/index.php\/wp-json\/wp\/v2\/posts\/124390"}],"collection":[{"href":"https:\/\/www.actualidadadiario.com\/index.php\/wp-json\/wp\/v2\/posts"}],"about":[{"href":"https:\/\/www.actualidadadiario.com\/index.php\/wp-json\/wp\/v2\/types\/post"}],"author":[{"embeddable":true,"href":"https:\/\/www.actualidadadiario.com\/index.php\/wp-json\/wp\/v2\/users\/3"}],"replies":[{"embeddable":true,"href":"https:\/\/www.actualidadadiario.com\/index.php\/wp-json\/wp\/v2\/comments?post=124390"}],"version-history":[{"count":1,"href":"https:\/\/www.actualidadadiario.com\/index.php\/wp-json\/wp\/v2\/posts\/124390\/revisions"}],"predecessor-version":[{"id":124392,"href":"https:\/\/www.actualidadadiario.com\/index.php\/wp-json\/wp\/v2\/posts\/124390\/revisions\/124392"}],"wp:featuredmedia":[{"embeddable":true,"href":"https:\/\/www.actualidadadiario.com\/index.php\/wp-json\/wp\/v2\/media\/124391"}],"wp:attachment":[{"href":"https:\/\/www.actualidadadiario.com\/index.php\/wp-json\/wp\/v2\/media?parent=124390"}],"wp:term":[{"taxonomy":"category","embeddable":true,"href":"https:\/\/www.actualidadadiario.com\/index.php\/wp-json\/wp\/v2\/categories?post=124390"},{"taxonomy":"post_tag","embeddable":true,"href":"https:\/\/www.actualidadadiario.com\/index.php\/wp-json\/wp\/v2\/tags?post=124390"}],"curies":[{"name":"wp","href":"https:\/\/api.w.org\/{rel}","templated":true}]}}