{"id":124388,"date":"2025-01-21T11:07:30","date_gmt":"2025-01-21T14:07:30","guid":{"rendered":"https:\/\/www.actualidadadiario.com\/?p=124388"},"modified":"2025-01-21T11:07:30","modified_gmt":"2025-01-21T14:07:30","slug":"empresarios-turisticos-entrerrianos-cuestionan-datos-oficiales-sobre-la-temporada","status":"publish","type":"post","link":"https:\/\/www.actualidadadiario.com\/index.php\/2025\/01\/21\/empresarios-turisticos-entrerrianos-cuestionan-datos-oficiales-sobre-la-temporada\/","title":{"rendered":"Empresarios tur\u00edsticos entrerrianos cuestionan datos oficiales sobre la temporada"},"content":{"rendered":"<p style=\"text-align: center;\"><em><strong>El presidente de la Asociaci\u00f3n Hotelera Gastron\u00f3mica de Concordia y la regi\u00f3n, Carlos Aure, detall\u00f3 los guarismos de reservas y ocupaci\u00f3n que recab\u00f3 el sector, tras la primera quincena del a\u00f1o. \u00abLos n\u00fameros son preocupantes\u00bb, afirm\u00f3<\/strong><\/em><\/p>\n<p>&nbsp;<\/p>\n<p>&nbsp;<\/p>\n<p>El dirigente reconoci\u00f3 que para el sector privado, \u00abla temporada no es lo que esper\u00e1bamos y es un enero que viene con reservas bajas\u00bb.<\/p>\n<p>Si bien explic\u00f3 que los n\u00fameros son bastantes dispares, \u00aben general en el centro y en la zona norte de la ciudad (Concordia), promediamos un 50% y por ah\u00ed s\u00ed se ve un poco m\u00e1s de reservas en los hoteles de ruta, donde all\u00ed tienen un promedio del 85% pero alojamientos por una noche, o sea que la gente indudablemente est\u00e1 de paso, vienen, duermen, est\u00e1n una noche y siguen\u00bb.<\/p>\n<p>&nbsp;<\/p>\n<p><strong>Fines de semana<\/strong><\/p>\n<p>Aure cont\u00f3 que los datos brindan \u00abtambi\u00e9n como caracter\u00edstica que los fines de semana est\u00e1 un poquito m\u00e1s ocupado, entre un 70 o un 80% y de lunes a jueves, est\u00e1 cercano al 40%\u00bb.<\/p>\n<p>A su entender, \u00abson n\u00fameros preocupantes, porque estamos un 15 por ciento m\u00e1s abajo que en el 2024, que fue un a\u00f1o malo y preocupante, as\u00ed que la verdad que no es para nada optimista el panorama\u00bb.<\/p>\n<p>&nbsp;<\/p>\n<p><strong>Febrero y Brasil<\/strong><\/p>\n<p>En cuanto a las proyecciones para febrero, el presidente de la Asociaci\u00f3n Hotelera Gastron\u00f3mica de Concordia inform\u00f3 que \u00abtenemos hoteles que est\u00e1n entre 15, 20 y hasta un 30 por ciento como m\u00e1ximo\u00bb. Por lo que, estim\u00f3, \u00absi bien van a crecer, los n\u00fameros ser\u00e1n similares a los de enero\u00bb.<\/p>\n<p>En efecto, arriesg\u00f3, \u00abpor las perspectivas que hay, no creemos que lleguemos a un 50%\u00bb y siempre \u00abcompar\u00e1ndolo con el mismo mes del a\u00f1o pasado, estamos bastante m\u00e1s abajo\u00bb.<\/p>\n<p>Consultado acerca de si el tipo de cambio actual y la conveniencia de destinos como Brasil pueden estar haciendo mella en los n\u00fameros, Aure afirm\u00f3 que \u00abes un factor determinante porque los datos que estoy dando no solamente son los de Concordia, sino tambi\u00e9n que se repiten en Gualeguaych\u00fa, por ejemplo, con hoteles de ruta completo y hoteles en el centro de la ciudad a promedio de 50%\u00bb.<\/p>\n<p>Es decir, agreg\u00f3, \u00abesto est\u00e1 pasando en todo Entre R\u00edos\u00bb y consider\u00f3 que \u00abnosotros estamos un poco distantes de los n\u00fameros que se han barajado desde la Secretar\u00eda de Turismo, porque lo han planteado como que es un \u00e9xito y la verdad que para nosotros es un poco preocupante\u00bb.<\/p>\n<p>Para Aure, \u00absin lugar a dudas, el turismo en Brasil y en Uruguay ha afectado demasiado al lugar nuestro para hacer veraneo\u00bb, incluso impactando negativamente el nivel de reservas y ocupaci\u00f3n tomando en cuenta el atractivo del carnaval local.<\/p>\n","protected":false},"excerpt":{"rendered":"<p>El presidente de la Asociaci\u00f3n Hotelera Gastron\u00f3mica de Concordia y la regi\u00f3n, Carlos Aure, detall\u00f3 los guarismos de reservas y ocupaci\u00f3n que recab\u00f3 el sector, tras la primera quincena del a\u00f1o. \u00abLos n\u00fameros son preocupantes\u00bb, afirm\u00f3 &nbsp; &nbsp; El dirigente reconoci\u00f3 que para el sector privado, \u00abla temporada no es lo que esper\u00e1bamos y es un enero que viene con reservas bajas\u00bb. Si bien explic\u00f3 que los n\u00fameros son bastantes dispares, \u00aben general en el centro y en la zona norte de la ciudad (Concordia), promediamos un 50% y por&#8230;<\/p>\n","protected":false},"author":3,"featured_media":124225,"comment_status":"closed","ping_status":"closed","sticky":false,"template":"","format":"standard","meta":[],"categories":[15],"tags":[],"_links":{"self":[{"href":"https:\/\/www.actualidadadiario.com\/index.php\/wp-json\/wp\/v2\/posts\/124388"}],"collection":[{"href":"https:\/\/www.actualidadadiario.com\/index.php\/wp-json\/wp\/v2\/posts"}],"about":[{"href":"https:\/\/www.actualidadadiario.com\/index.php\/wp-json\/wp\/v2\/types\/post"}],"author":[{"embeddable":true,"href":"https:\/\/www.actualidadadiario.com\/index.php\/wp-json\/wp\/v2\/users\/3"}],"replies":[{"embeddable":true,"href":"https:\/\/www.actualidadadiario.com\/index.php\/wp-json\/wp\/v2\/comments?post=124388"}],"version-history":[{"count":1,"href":"https:\/\/www.actualidadadiario.com\/index.php\/wp-json\/wp\/v2\/posts\/124388\/revisions"}],"predecessor-version":[{"id":124389,"href":"https:\/\/www.actualidadadiario.com\/index.php\/wp-json\/wp\/v2\/posts\/124388\/revisions\/124389"}],"wp:featuredmedia":[{"embeddable":true,"href":"https:\/\/www.actualidadadiario.com\/index.php\/wp-json\/wp\/v2\/media\/124225"}],"wp:attachment":[{"href":"https:\/\/www.actualidadadiario.com\/index.php\/wp-json\/wp\/v2\/media?parent=124388"}],"wp:term":[{"taxonomy":"category","embeddable":true,"href":"https:\/\/www.actualidadadiario.com\/index.php\/wp-json\/wp\/v2\/categories?post=124388"},{"taxonomy":"post_tag","embeddable":true,"href":"https:\/\/www.actualidadadiario.com\/index.php\/wp-json\/wp\/v2\/tags?post=124388"}],"curies":[{"name":"wp","href":"https:\/\/api.w.org\/{rel}","templated":true}]}}