{"id":124385,"date":"2025-01-21T11:06:38","date_gmt":"2025-01-21T14:06:38","guid":{"rendered":"https:\/\/www.actualidadadiario.com\/?p=124385"},"modified":"2025-01-21T11:06:38","modified_gmt":"2025-01-21T14:06:38","slug":"salud-brindo-detalles-sobre-la-vacunacion-para-prevenir-bronquiolitis-y-fiebre-amarilla","status":"publish","type":"post","link":"https:\/\/www.actualidadadiario.com\/index.php\/2025\/01\/21\/salud-brindo-detalles-sobre-la-vacunacion-para-prevenir-bronquiolitis-y-fiebre-amarilla\/","title":{"rendered":"Salud brind\u00f3 detalles sobre la vacunaci\u00f3n para prevenir bronquiolitis y fiebre amarilla"},"content":{"rendered":"<p style=\"text-align: center;\"><em><strong>Autoridades sanitarias de la provincia se refirieron a la campa\u00f1a de vacunaci\u00f3n contra la bronquiolitis, que inicia hoy para embarazadas de 32 a 36 semanas y seis d\u00edas de gestaci\u00f3n; y al ingreso de 2.100 dosis de vacunas contra la fiebre amarilla, para normalizar su aplicaci\u00f3n ante la alta demanda<\/strong><\/em><\/p>\n<p>&nbsp;<\/p>\n<p>&nbsp;<\/p>\n<p>&#8220;La vacuna contra el Virus Sincicial Respiratorio (VSR) ha sido efectiva al lograr reducir los casos, internaciones y muertes por este virus y, al d\u00eda de hoy, todos los vacunatorios de la provincia tienen disponibilidad de dosis&#8221;, se\u00f1al\u00f3 el ministro de Salud, Guillermo Grieve. Y agreg\u00f3 que el a\u00f1o pasado recibieron la vacuna contra el VSR 4.000 embarazadas, m\u00e1s del 80 por ciento de la poblaci\u00f3n objetivo.<\/p>\n<p>Es importante que todas las embarazadas que est\u00e9n dentro del per\u00edodo indicado, reciban esta vacuna, porque el VSR es el principal responsable de las Infecciones Respiratorios Agudas Bajas en la infancia (tales como bronquiolitis y neumon\u00eda) y, en particular, en lactantes menores de un a\u00f1o. Adem\u00e1s, es importante destacar que se puede coadministrar junto con las otras vacunas indicadas para personas gestantes.<\/p>\n<p>De este modo, se busca proporcionar una mayor protecci\u00f3n a la poblaci\u00f3n objetivo para la \u00e9poca de mayor circulaci\u00f3n del virus, que usualmente se produce durante el invierno. Asimismo, se record\u00f3 la importancia de cumplimentar la cobertura de inmunizaci\u00f3n de todo el calendario, gratuito y obligatorio. Cabe se\u00f1alar, adem\u00e1s, que la finalizaci\u00f3n en agosto o extensi\u00f3n de la campa\u00f1a va a depender, exclusivamente, de c\u00f3mo vaya circulando el virus.<\/p>\n<p>Por su parte, el director general de Condiciones Neonatales Esenciales (CONE), Paulo Capotosti, precis\u00f3: &#8220;La vacuna va dirigida a las embarazadas para que, a trav\u00e9s de esta vacunaci\u00f3n, pasen los anticuerpos a trav\u00e9s de la placenta y la lactancia a los beb\u00e9s y los protejan de este virus durante los primeros seis meses de vida, teniendo en cuenta que en los menores de un a\u00f1o se produce la mayor\u00eda de cuadros graves&#8221;.<\/p>\n<p>En este sentido, la incidencia en Entre R\u00edos de este virus marca, por lo general, que &#8220;la mayor causa de internaciones debidas al VSR durante el invierno, se da entre los meses de julio a agosto&#8221;, indic\u00f3.<\/p>\n<p>&nbsp;<\/p>\n<p><strong>Fiebre amarilla<\/strong><\/p>\n<p>Respecto a la vacunaci\u00f3n contra la fiebre amarilla, el ministro Grieve anunci\u00f3 que el Ministerio de Salud de la Naci\u00f3n envi\u00f3 2.100 dosis de vacunas, ante el pedido de la provincia y frente a la alta demanda de esta temporada. En este sentido, indic\u00f3 que la vacunaci\u00f3n se normalizar\u00e1 esta semana para quienes la requieran en ocasi\u00f3n de viajar al exterior.<\/p>\n<p>&#8220;El ministro Mario Lugones y la viceministra Cecilia Loccisano nos adelantaron las vacunas de junio y julio para aplicarlas en enero y febrero. De esta manera iniciamos la distribuci\u00f3n en los distintos centros de vacunaci\u00f3n y luego de la aplicaci\u00f3n, cada persona deber\u00e1 solicitar el certificado pertinente&#8221;, remarc\u00f3 Grieve.<\/p>\n<p>A su vez, explic\u00f3 que la vacuna tiene ciertas contraindicaciones, por lo que se recomienda consultar en el vacunatorio para el asesoramiento correspondiente.<\/p>\n","protected":false},"excerpt":{"rendered":"<p>Autoridades sanitarias de la provincia se refirieron a la campa\u00f1a de vacunaci\u00f3n contra la bronquiolitis, que inicia hoy para embarazadas de 32 a 36 semanas y seis d\u00edas de gestaci\u00f3n; y al ingreso de 2.100 dosis de vacunas contra la fiebre amarilla, para normalizar su aplicaci\u00f3n ante la alta demanda &nbsp; &nbsp; &#8220;La vacuna contra el Virus Sincicial Respiratorio (VSR) ha sido efectiva al lograr reducir los casos, internaciones y muertes por este virus y, al d\u00eda de hoy, todos los vacunatorios de la provincia tienen disponibilidad de dosis&#8221;, se\u00f1al\u00f3&#8230;<\/p>\n","protected":false},"author":3,"featured_media":124386,"comment_status":"closed","ping_status":"closed","sticky":false,"template":"","format":"standard","meta":[],"categories":[15],"tags":[],"_links":{"self":[{"href":"https:\/\/www.actualidadadiario.com\/index.php\/wp-json\/wp\/v2\/posts\/124385"}],"collection":[{"href":"https:\/\/www.actualidadadiario.com\/index.php\/wp-json\/wp\/v2\/posts"}],"about":[{"href":"https:\/\/www.actualidadadiario.com\/index.php\/wp-json\/wp\/v2\/types\/post"}],"author":[{"embeddable":true,"href":"https:\/\/www.actualidadadiario.com\/index.php\/wp-json\/wp\/v2\/users\/3"}],"replies":[{"embeddable":true,"href":"https:\/\/www.actualidadadiario.com\/index.php\/wp-json\/wp\/v2\/comments?post=124385"}],"version-history":[{"count":1,"href":"https:\/\/www.actualidadadiario.com\/index.php\/wp-json\/wp\/v2\/posts\/124385\/revisions"}],"predecessor-version":[{"id":124387,"href":"https:\/\/www.actualidadadiario.com\/index.php\/wp-json\/wp\/v2\/posts\/124385\/revisions\/124387"}],"wp:featuredmedia":[{"embeddable":true,"href":"https:\/\/www.actualidadadiario.com\/index.php\/wp-json\/wp\/v2\/media\/124386"}],"wp:attachment":[{"href":"https:\/\/www.actualidadadiario.com\/index.php\/wp-json\/wp\/v2\/media?parent=124385"}],"wp:term":[{"taxonomy":"category","embeddable":true,"href":"https:\/\/www.actualidadadiario.com\/index.php\/wp-json\/wp\/v2\/categories?post=124385"},{"taxonomy":"post_tag","embeddable":true,"href":"https:\/\/www.actualidadadiario.com\/index.php\/wp-json\/wp\/v2\/tags?post=124385"}],"curies":[{"name":"wp","href":"https:\/\/api.w.org\/{rel}","templated":true}]}}