{"id":124323,"date":"2025-01-14T13:30:08","date_gmt":"2025-01-14T16:30:08","guid":{"rendered":"https:\/\/www.actualidadadiario.com\/?p=124323"},"modified":"2025-01-14T13:30:08","modified_gmt":"2025-01-14T16:30:08","slug":"desde-cuando-los-comercios-deberan-discriminar-en-cada-factura-cuanto-del-precio-son-impuestos","status":"publish","type":"post","link":"https:\/\/www.actualidadadiario.com\/index.php\/2025\/01\/14\/desde-cuando-los-comercios-deberan-discriminar-en-cada-factura-cuanto-del-precio-son-impuestos\/","title":{"rendered":"Desde cu\u00e1ndo los comercios deber\u00e1n discriminar en cada factura cu\u00e1nto del precio son impuestos"},"content":{"rendered":"<p style=\"text-align: center;\"><em><strong>La incidencia de los tributos en lo que cuestan los consumos har\u00e1 que la ciudadan\u00eda vea con cu\u00e1nto se quedan los fiscos<\/strong><\/em><\/p>\n<p>&nbsp;<\/p>\n<p>&nbsp;<\/p>\n<p>Desde el 1 de abril, los consumidores que reciban la factura por las compras que realicen en un comercio, conforme a la Ley 27.743, de Transparencia Fiscal, podr\u00e1n saber el detalle de cu\u00e1nto pagan en cada uno de los bienes y servicios en concepto de impuestos, como el IVA, y otros grav\u00e1menes nacionales indirectos, m\u00e1s ingresos brutos y tasas municipales, en la medida en que las provincias adhieran.<\/p>\n<p>Ya desde el 1 de enero la medida est\u00e1 vigente para las grandes empresas de todo el pa\u00eds, luego de la reglamentaci\u00f3n del R\u00e9gimen de Transparencia Fiscal al Consumidor.<\/p>\n<p>Tambi\u00e9n los precios publicados desde ahora deber\u00e1n discriminar el importe neto de los impuestos indirectos, junto con la leyenda \u201cPRECIO SIN IMPUESTOS\u201d, en el importe final,<\/p>\n<p>En los servicios p\u00fablicos no podr\u00e1 utilizarse el t\u00e9rmino \u201cgratuito\u201d.<\/p>\n<p>Deber\u00e1 aclararse que est\u00e1n financiados por la recaudaci\u00f3n de tributos.<\/p>\n<p>El cambio, que aparece en una l\u00ednea espec\u00edfica en las facturas electr\u00f3nicas bajo la leyenda \u201cR\u00e9gimen de Transparencia Fiscal al Consumidor (Ley 27.743)\u201d, busca fortalecer la confianza p\u00fablica a trav\u00e9s de una mayor claridad en los costos de cada transacci\u00f3n.<\/p>\n<p>Pero al mismo tiempo concientizar a la ciudadan\u00eda sobre la carga impositiva en la econom\u00eda dom\u00e9stica.<\/p>\n<p>La implementaci\u00f3n, sin embargo, no podr\u00e1 estar extendida en lo inmediato, si bien se espera que impacte en la operaci\u00f3n de las compa\u00f1\u00edas, ya que requiere un corto plazo de adaptaci\u00f3n que conlleva ajustes en los sistemas de facturaci\u00f3n y la formaci\u00f3n del personal.<\/p>\n<p>&nbsp;<\/p>\n<p><strong>Proveedores<\/strong><\/p>\n<p>Empresas proveedoras de facturaci\u00f3n electr\u00f3nica tanto para tiendas online como para comercios f\u00edsicos ya se abocaron, junto a sus clientes, al cumplimiento de la norma sin costos adicionales.<\/p>\n<p>Grandes firmas como Puma, Quilmes, YPF, Distrinando y Vision+, entre otras, ya pusieron en pr\u00e1ctica esta actualizaci\u00f3n de manera satisfactoria, informaron.<\/p>\n<p>No obstante, para las empresas, especialmente las peque\u00f1as y medianas, la obligatoriedad dentro de unos tres meses plantea un desaf\u00edo t\u00e9cnico y financiero, &#8220;aunque puede verse como una oportunidad para profesionalizar a\u00fan m\u00e1s sus procesos internos\u201d, como sostuvo Lorena Comino, CEO de Facturante.<\/p>\n<p>Destac\u00f3 asimismo que la nueva exigencia fomentar\u00e1 la transformaci\u00f3n digital en las empresas y conllevar\u00e1 un beneficio a largo plazo: \u201cAunque hay un costo inicial significativo, la estandarizaci\u00f3n puede simplificar las operaciones y fomentar la transparencia&#8221;.<\/p>\n<p>La firma se ofrece para liberar a los clientes del estr\u00e9s de las adaptaciones t\u00e9cnicas, y permitirles concentrarse en el crecimiento de su negocio.<\/p>\n<p>&nbsp;<\/p>\n<p><strong>Formalizaci\u00f3n de la econom\u00eda<\/strong><\/p>\n<p>La expectativa es que esta ley no solo fortalezca la transparencia fiscal, sino que tambi\u00e9n incentive la formalizaci\u00f3n de la econom\u00eda y abra el debate p\u00fablico sobre la carga de impuestos en el pa\u00eds.<\/p>\n<p>Se espera que a largo plazo la iniciativa consolide pr\u00e1cticas m\u00e1s claras en la relaci\u00f3n entre comercios, consumidores y el Estado, contribuyendo as\u00ed a un sistema tributario m\u00e1s eficiente y equitativo.<\/p>\n<p>L\u00f3gica, una asociaci\u00f3n apartidaria dedicada a generar conciencia fiscal en la sociedad, fue la que comprometi\u00f3 a los candidatos presidenciales a impulsar dicho cambio, logrando las adhesiones de Javier Milei, Patricia Bullrich y Juan Schiaretti.<\/p>\n<p>El Presidente lo incluy\u00f3 en la reciente Ley 27.743 que introdujo reformas en el \u00e1mbito fiscal, sumada ahora esta reglamentaci\u00f3n.<\/p>\n","protected":false},"excerpt":{"rendered":"<p>La incidencia de los tributos en lo que cuestan los consumos har\u00e1 que la ciudadan\u00eda vea con cu\u00e1nto se quedan los fiscos &nbsp; &nbsp; Desde el 1 de abril, los consumidores que reciban la factura por las compras que realicen en un comercio, conforme a la Ley 27.743, de Transparencia Fiscal, podr\u00e1n saber el detalle de cu\u00e1nto pagan en cada uno de los bienes y servicios en concepto de impuestos, como el IVA, y otros grav\u00e1menes nacionales indirectos, m\u00e1s ingresos brutos y tasas municipales, en la medida en que las&#8230;<\/p>\n","protected":false},"author":3,"featured_media":124324,"comment_status":"closed","ping_status":"closed","sticky":false,"template":"","format":"standard","meta":[],"categories":[2],"tags":[],"_links":{"self":[{"href":"https:\/\/www.actualidadadiario.com\/index.php\/wp-json\/wp\/v2\/posts\/124323"}],"collection":[{"href":"https:\/\/www.actualidadadiario.com\/index.php\/wp-json\/wp\/v2\/posts"}],"about":[{"href":"https:\/\/www.actualidadadiario.com\/index.php\/wp-json\/wp\/v2\/types\/post"}],"author":[{"embeddable":true,"href":"https:\/\/www.actualidadadiario.com\/index.php\/wp-json\/wp\/v2\/users\/3"}],"replies":[{"embeddable":true,"href":"https:\/\/www.actualidadadiario.com\/index.php\/wp-json\/wp\/v2\/comments?post=124323"}],"version-history":[{"count":1,"href":"https:\/\/www.actualidadadiario.com\/index.php\/wp-json\/wp\/v2\/posts\/124323\/revisions"}],"predecessor-version":[{"id":124325,"href":"https:\/\/www.actualidadadiario.com\/index.php\/wp-json\/wp\/v2\/posts\/124323\/revisions\/124325"}],"wp:featuredmedia":[{"embeddable":true,"href":"https:\/\/www.actualidadadiario.com\/index.php\/wp-json\/wp\/v2\/media\/124324"}],"wp:attachment":[{"href":"https:\/\/www.actualidadadiario.com\/index.php\/wp-json\/wp\/v2\/media?parent=124323"}],"wp:term":[{"taxonomy":"category","embeddable":true,"href":"https:\/\/www.actualidadadiario.com\/index.php\/wp-json\/wp\/v2\/categories?post=124323"},{"taxonomy":"post_tag","embeddable":true,"href":"https:\/\/www.actualidadadiario.com\/index.php\/wp-json\/wp\/v2\/tags?post=124323"}],"curies":[{"name":"wp","href":"https:\/\/api.w.org\/{rel}","templated":true}]}}