{"id":124321,"date":"2025-01-14T13:28:22","date_gmt":"2025-01-14T16:28:22","guid":{"rendered":"https:\/\/www.actualidadadiario.com\/?p=124321"},"modified":"2025-01-14T13:28:22","modified_gmt":"2025-01-14T16:28:22","slug":"el-gasto-en-jubilaciones-fue-el-que-mas-cayo-en-2024","status":"publish","type":"post","link":"https:\/\/www.actualidadadiario.com\/index.php\/2025\/01\/14\/el-gasto-en-jubilaciones-fue-el-que-mas-cayo-en-2024\/","title":{"rendered":"El gasto en jubilaciones fue el que m\u00e1s cay\u00f3 en 2024"},"content":{"rendered":"<p style=\"text-align: center;\"><em><strong>El gasto en las jubilaciones y pensiones creci\u00f3 en diciembre, pero en el acumulado anual muestra una gran contracci\u00f3n. El Gobierno anunciar\u00e1 hoy un nuevo aumento de haberes<\/strong><\/em><\/p>\n<p>&nbsp;<\/p>\n<p>&nbsp;<\/p>\n<p>La evoluci\u00f3n del gasto en jubilaciones y pensiones cobra una importancia especial por dos razones, ya que adem\u00e1s de incluir los recursos que se destinan para m\u00e1s de siete millones de personas que ya se retiraron del mercado laboral, tambi\u00e9n representa la distribuci\u00f3n principal de la Administraci\u00f3n P\u00fablica Nacional (APN) con casi la mitad del total.<\/p>\n<p>El seguimiento que realiz\u00f3 la consultora Analytica del gasto de la APN en 2024 detalle que el gasto en jubilaciones y pensiones tuvo un diciembre un incremento interanual de $ 900.000 millones a valores constantes, por lejos el mayor de todos los rubros, pero tambi\u00e9n fue el que mostr\u00f3 la mayor contracci\u00f3n real en todo el a\u00f1o, con un ajuste de $6,8 billones.<\/p>\n<p>En todos los an\u00e1lisis de economistas y consultoras se deja en claro que cualquier ajuste de la APN que implique la erradicaci\u00f3n del d\u00e9ficit financiero -siempre que no haya un desmesurado incremento de los ingresos- no puede obviar un recorte significativo en el gasto previsional, precisamente por tratarse de la principal partida presupuestaria.<\/p>\n<p>&nbsp;<\/p>\n<p><strong>El ajuste en diciembre<\/strong><\/p>\n<p>La consultora presidida por Ricardo Delgado indic\u00f3 al respecto que en diciembre, el gasto primario (sin considerar el pago de intereses) en su etapa devengada tuvo una ca\u00edda interanual del 5,8% en t\u00e9rminos reales, lo que revela una atenuaci\u00f3n respecto de los meses anteriores, si se tiene en cuenta que el descenso en todo 2024 fue del 26,8%, la mayor ca\u00edda desde que Analytica comenz\u00f3 a elaborar la serie en 2016.<\/p>\n<p>En el mes pasado, las partidas devengadas con mayores ajustes porcentuales reales respecto de diciembre 2023 fueron las transferencias a las provincias (-68,5%), los subsidios econ\u00f3micos (-61,0%) y el gasto en programas sociales (-47,2%).<\/p>\n<p>&nbsp;<\/p>\n<p><strong>Aumentos para jubilados y AUH<\/strong><\/p>\n<p>Por otro lado, se registraron aumentos reales en el gasto en bienes y servicios (+58,8%), en asignaciones familiares y AUH (+47,6%), y en jubilaciones y pensiones (+20,3%). Analytica que este \u00faltimo fue \u201cel m\u00e1s relevante, ya que implic\u00f3 el 47% del total del gasto primario\u201d.<\/p>\n<p>Este martes 14 de enero, junto con el dato de inflaci\u00f3n, se conocer\u00e1 un nuevo aumento para jubilados y AUH. Se estima que ser\u00e1 de 2,7% aproximadamente.<\/p>\n<p>El ajuste de diciembre fue el menor en t\u00e9rminos porcentuales en la comparaci\u00f3n interanual, en parte por la baja base de comparaci\u00f3n de diciembre de 2023, pero tambi\u00e9n por la disminuci\u00f3n del efecto \u201clicuadora\u201d que mes a mes implica la desaceleraci\u00f3n de la inflaci\u00f3n.<\/p>\n<p>En el caso espec\u00edfico de las jubilaciones, luego de los recortes de m\u00e1s del 30% en el primer trimestre, la aplicaci\u00f3n de una nueva modalidad con ajustes mensuales por inflaci\u00f3n fue atenuando la ca\u00edda porcentual, hasta pasar a ser un incremento que podr\u00eda continuar en 2025.<\/p>\n<p>&nbsp;<\/p>\n<p><strong>El ajuste en 2024<\/strong><\/p>\n<p>En todo el a\u00f1o, las partidas con mayor ajuste real fueron las de obra p\u00fablica (-76,5%) y las transferencias corrientes a las provincias (-68,6%), pero al hacer la comparaci\u00f3n en valores absolutos sobresale el ajuste de $6,8 billones en jubilaciones y pensiones, que en t\u00e9rminos relativos implic\u00f3 una baja del 27%.<\/p>\n<p>La consultora destac\u00f3 que la suma del gasto de jubilaciones, pensiones y PAMI tuvo un recorte real del 12,5% y explic\u00f3 en conjunto \u201ccerca de la quinta parte del ajuste total\u201d.<\/p>\n","protected":false},"excerpt":{"rendered":"<p>El gasto en las jubilaciones y pensiones creci\u00f3 en diciembre, pero en el acumulado anual muestra una gran contracci\u00f3n. El Gobierno anunciar\u00e1 hoy un nuevo aumento de haberes &nbsp; &nbsp; La evoluci\u00f3n del gasto en jubilaciones y pensiones cobra una importancia especial por dos razones, ya que adem\u00e1s de incluir los recursos que se destinan para m\u00e1s de siete millones de personas que ya se retiraron del mercado laboral, tambi\u00e9n representa la distribuci\u00f3n principal de la Administraci\u00f3n P\u00fablica Nacional (APN) con casi la mitad del total. El seguimiento que realiz\u00f3&#8230;<\/p>\n","protected":false},"author":3,"featured_media":122745,"comment_status":"closed","ping_status":"closed","sticky":false,"template":"","format":"standard","meta":[],"categories":[9],"tags":[],"_links":{"self":[{"href":"https:\/\/www.actualidadadiario.com\/index.php\/wp-json\/wp\/v2\/posts\/124321"}],"collection":[{"href":"https:\/\/www.actualidadadiario.com\/index.php\/wp-json\/wp\/v2\/posts"}],"about":[{"href":"https:\/\/www.actualidadadiario.com\/index.php\/wp-json\/wp\/v2\/types\/post"}],"author":[{"embeddable":true,"href":"https:\/\/www.actualidadadiario.com\/index.php\/wp-json\/wp\/v2\/users\/3"}],"replies":[{"embeddable":true,"href":"https:\/\/www.actualidadadiario.com\/index.php\/wp-json\/wp\/v2\/comments?post=124321"}],"version-history":[{"count":1,"href":"https:\/\/www.actualidadadiario.com\/index.php\/wp-json\/wp\/v2\/posts\/124321\/revisions"}],"predecessor-version":[{"id":124322,"href":"https:\/\/www.actualidadadiario.com\/index.php\/wp-json\/wp\/v2\/posts\/124321\/revisions\/124322"}],"wp:featuredmedia":[{"embeddable":true,"href":"https:\/\/www.actualidadadiario.com\/index.php\/wp-json\/wp\/v2\/media\/122745"}],"wp:attachment":[{"href":"https:\/\/www.actualidadadiario.com\/index.php\/wp-json\/wp\/v2\/media?parent=124321"}],"wp:term":[{"taxonomy":"category","embeddable":true,"href":"https:\/\/www.actualidadadiario.com\/index.php\/wp-json\/wp\/v2\/categories?post=124321"},{"taxonomy":"post_tag","embeddable":true,"href":"https:\/\/www.actualidadadiario.com\/index.php\/wp-json\/wp\/v2\/tags?post=124321"}],"curies":[{"name":"wp","href":"https:\/\/api.w.org\/{rel}","templated":true}]}}