{"id":124319,"date":"2025-01-14T12:13:57","date_gmt":"2025-01-14T15:13:57","guid":{"rendered":"https:\/\/www.actualidadadiario.com\/?p=124319"},"modified":"2025-01-14T12:13:57","modified_gmt":"2025-01-14T15:13:57","slug":"anuncian-hasta-35c-este-martes-y-seguiran-en-ascenso-antes-de-las-lluvias","status":"publish","type":"post","link":"https:\/\/www.actualidadadiario.com\/index.php\/2025\/01\/14\/anuncian-hasta-35c-este-martes-y-seguiran-en-ascenso-antes-de-las-lluvias\/","title":{"rendered":"Anuncian hasta 35\u00b0C este martes y seguir\u00e1n en ascenso antes de las lluvias"},"content":{"rendered":"<p style=\"text-align: center;\"><em><strong>Entre R\u00edos vive una semana muy calurosa, que tendr\u00e1 m\u00e1ximas de hasta 39 grados. Luego llegar\u00eda un sistema frontal que cambiar\u00e1 el tiempo<\/strong><\/em><\/p>\n<p>&nbsp;<\/p>\n<p>&nbsp;<\/p>\n<p>El Servicio Meteorol\u00f3gico Nacional -SMN- informa que este martes 14 de enero se presenta con calor y buenas condiciones del tiempo en Entre R\u00edos. Las temperaturas m\u00ednimas ser\u00e1n de entre 19 y 20 grados, mientras que las m\u00e1ximas trepar\u00e1n hasta los 35 grados.<\/p>\n<p>Toda la semana seguir\u00e1 muy calurosa y con t\u00e9rmicas en ascenso. Se prev\u00e9 para este mi\u00e9rcoles y jueves jornadas muy sofocantes, con registros estimados en 38 y 39 grados en la provincia.<\/p>\n<p>Luego, desde el viernes a la tarde noche comenzar\u00eda a llegar un sistema frontal. Hay anuncio de lluvias y tormentas que continuar\u00edan el s\u00e1bado. Esto provocar\u00e1 un peque\u00f1o alivio.<\/p>\n<p>&nbsp;<\/p>\n<p><strong>El tiempo para hoy<\/strong><\/p>\n<p>En Paran\u00e1, La Paz, Villaguay, Diamante y Nogoy\u00e1 la m\u00ednima ser\u00e1 de 20 grados y la m\u00e1xima alcanzar\u00e1 los 35 grados. En la capital y alrededores se espera una jornada entre algo y parcialmente nublada.<\/p>\n<p>En Concordia, Federal, Feliciano, Federaci\u00f3n y San Salvador, en tanto, se aguarda una m\u00ednima de 19 grados y una m\u00e1xima de 35 grados. All\u00ed tambi\u00e9n se prev\u00e9 un d\u00eda soleado con pocas nubes.<\/p>\n<p>En Gualeguaych\u00fa, Col\u00f3n, Uruguay, Tala e Islas, se espera una m\u00ednima de 20 grados y una m\u00e1xima de 33 grados. Al igual que en las otras localidades, se espera un d\u00eda parcialmente nublado.<\/p>\n<p>Finalmente, en Victoria y Gualeguay anuncian 20 grados de m\u00ednima y 35 grados de m\u00e1xima, con cielo parcialmente y algo nublado.<\/p>\n","protected":false},"excerpt":{"rendered":"<p>Entre R\u00edos vive una semana muy calurosa, que tendr\u00e1 m\u00e1ximas de hasta 39 grados. Luego llegar\u00eda un sistema frontal que cambiar\u00e1 el tiempo &nbsp; &nbsp; El Servicio Meteorol\u00f3gico Nacional -SMN- informa que este martes 14 de enero se presenta con calor y buenas condiciones del tiempo en Entre R\u00edos. Las temperaturas m\u00ednimas ser\u00e1n de entre 19 y 20 grados, mientras que las m\u00e1ximas trepar\u00e1n hasta los 35 grados. Toda la semana seguir\u00e1 muy calurosa y con t\u00e9rmicas en ascenso. Se prev\u00e9 para este mi\u00e9rcoles y jueves jornadas muy sofocantes, con&#8230;<\/p>\n","protected":false},"author":3,"featured_media":89456,"comment_status":"closed","ping_status":"closed","sticky":false,"template":"","format":"standard","meta":[],"categories":[15],"tags":[],"_links":{"self":[{"href":"https:\/\/www.actualidadadiario.com\/index.php\/wp-json\/wp\/v2\/posts\/124319"}],"collection":[{"href":"https:\/\/www.actualidadadiario.com\/index.php\/wp-json\/wp\/v2\/posts"}],"about":[{"href":"https:\/\/www.actualidadadiario.com\/index.php\/wp-json\/wp\/v2\/types\/post"}],"author":[{"embeddable":true,"href":"https:\/\/www.actualidadadiario.com\/index.php\/wp-json\/wp\/v2\/users\/3"}],"replies":[{"embeddable":true,"href":"https:\/\/www.actualidadadiario.com\/index.php\/wp-json\/wp\/v2\/comments?post=124319"}],"version-history":[{"count":1,"href":"https:\/\/www.actualidadadiario.com\/index.php\/wp-json\/wp\/v2\/posts\/124319\/revisions"}],"predecessor-version":[{"id":124320,"href":"https:\/\/www.actualidadadiario.com\/index.php\/wp-json\/wp\/v2\/posts\/124319\/revisions\/124320"}],"wp:featuredmedia":[{"embeddable":true,"href":"https:\/\/www.actualidadadiario.com\/index.php\/wp-json\/wp\/v2\/media\/89456"}],"wp:attachment":[{"href":"https:\/\/www.actualidadadiario.com\/index.php\/wp-json\/wp\/v2\/media?parent=124319"}],"wp:term":[{"taxonomy":"category","embeddable":true,"href":"https:\/\/www.actualidadadiario.com\/index.php\/wp-json\/wp\/v2\/categories?post=124319"},{"taxonomy":"post_tag","embeddable":true,"href":"https:\/\/www.actualidadadiario.com\/index.php\/wp-json\/wp\/v2\/tags?post=124319"}],"curies":[{"name":"wp","href":"https:\/\/api.w.org\/{rel}","templated":true}]}}