{"id":124317,"date":"2025-01-14T12:13:05","date_gmt":"2025-01-14T15:13:05","guid":{"rendered":"https:\/\/www.actualidadadiario.com\/?p=124317"},"modified":"2025-01-14T12:13:05","modified_gmt":"2025-01-14T15:13:05","slug":"federacion-se-destaca-como-uno-de-los-destinos-mas-elegido-del-pais","status":"publish","type":"post","link":"https:\/\/www.actualidadadiario.com\/index.php\/2025\/01\/14\/federacion-se-destaca-como-uno-de-los-destinos-mas-elegido-del-pais\/","title":{"rendered":"Federaci\u00f3n se destaca como uno de los destinos m\u00e1s elegido del pa\u00eds"},"content":{"rendered":"<p style=\"text-align: center;\"><em><strong>Desde Federaci\u00f3n remarcan que con indicadores importantes en sus atractivos y mejores que el verano 2024, se destaca como uno de los destinos m\u00e1s elegido del pa\u00eds<\/strong><\/em><\/p>\n<p>&nbsp;<\/p>\n<p>&nbsp;<\/p>\n<p>La ciudad de Federaci\u00f3n, nuevamente se destaca por ser uno de los destinos m\u00e1s elegidos del pa\u00eds, con cifras que, en algunos aspectos, reflejan ser mejores al verano del a\u00f1o 2024. Este es el caso de su principal producto tur\u00edstico, el Parque Termal y Parque Acu\u00e1tico, que viene marcando n\u00fameros de ventas de entradas superiores al a\u00f1o pasado, comparando las mismas franjas de d\u00edas entre los a\u00f1os 2024 y 2025.<\/p>\n<p>Otro de los puntos altos que destacan desde el municipio, \u00abes la fuerte apuesta que realiz\u00f3 el Municipio, encabezado por su Intendente Ricardo Bravo, a fortalecer y potenciar las fiestas populares\u00bb. En este caso, la Fiesta Nacional del Lago que, con propuestas art\u00edsticas de primer nivel en el plano nacional como La Beriso, Valentino Merlo, Nahuel Pennisi, Los Palmae, marco tambi\u00e9n cifras muy importantes.<\/p>\n<p>Adem\u00e1s, remarcaron que \u00abhubo un fuerte acompa\u00f1amiento tanto de los vecinos de la ciudad, como de los visitantes, que muchos est\u00e1n alojados en la ciudad y toman a la fiesta como un gran atractivo para disfrutar, como los que llegan a la ciudad por alg\u00fan artista, como fue el caso de La Beriso, que marc\u00f3 una noche hist\u00f3rica para la fiesta con un anfiteatro totalmente colmado de p\u00fablico\u00bb.<\/p>\n<p>&nbsp;<\/p>\n<p><strong>La elegida<\/strong><\/p>\n<p>En una temporada compleja para al turismo, donde se manifiesta desde medios de nacionales de comunicaci\u00f3n, con un \u00e9xodo de turistas que viajan al exterior, Federaci\u00f3n se destaca con una temporada con cifras mejores a\u00f1os anteriores y como uno de los destinos m\u00e1s elegido en la Argentina.<\/p>\n<p>En este sentido, la explicaci\u00f3n que m\u00e1s r\u00e1pida que encontraron desde la cartera de turismo es que \u00abes un destino que se encuentra en una ubicaci\u00f3n estrat\u00e9gica, al que se accede en pocas horas desde las principales ciudades del pa\u00eds, con un tanque de combustible y muchos miden hoy esa valoraci\u00f3n\u00bb.<\/p>\n<p>&nbsp;<\/p>\n<p><strong>Principal atractivo<\/strong><\/p>\n<p>Seg\u00fan el \u00e1rea de turismo \u00abel Parque Acu\u00e1tico, se destaca por ser el m\u00e1s grande de Sudam\u00e9rica, y con el s\u00f3lo hecho de observar una jornada de los visitantes disfrut\u00e1ndolo, con todos los juegos en el agua, la gran pileta de olas, el r\u00edo lento, demuestra porqu\u00e9 es tan elegido\u00bb.<\/p>\n<p>Adem\u00e1s, se enumeraron todas bondades del lugar como \u00abla tranquilidad del Parque Termal, las playas, las reservas naturales, como el ejemplo de la Reserva Chaviy\u00fa, un lugar hermoso con el Lago y la naturaleza como protagonistas, la gastronom\u00eda\u00bb. Otro punto que destacan, \u00abacompa\u00f1ado del material humano, por su calidez y buen trato son las Fiestas Populares, destac\u00e1ndose la Fiesta Nacional del Lago, pero se viene una agenda importante de actividades, culturales, deportivas y recreativas, destac\u00e1ndose las noches de los Carnavales, los m\u00e1s divertidos del Pa\u00eds\u00bb.<\/p>\n<p>Por \u00faltimo, se se\u00f1al\u00f3 que \u00abpor estos aspectos Federaci\u00f3n te Enamora y te sigue Enamorando y sigue siendo uno de los destinos tur\u00edsticos m\u00e1s elegidos por los argentinos\u00bb.<\/p>\n","protected":false},"excerpt":{"rendered":"<p>Desde Federaci\u00f3n remarcan que con indicadores importantes en sus atractivos y mejores que el verano 2024, se destaca como uno de los destinos m\u00e1s elegido del pa\u00eds &nbsp; &nbsp; La ciudad de Federaci\u00f3n, nuevamente se destaca por ser uno de los destinos m\u00e1s elegidos del pa\u00eds, con cifras que, en algunos aspectos, reflejan ser mejores al verano del a\u00f1o 2024. Este es el caso de su principal producto tur\u00edstico, el Parque Termal y Parque Acu\u00e1tico, que viene marcando n\u00fameros de ventas de entradas superiores al a\u00f1o pasado, comparando las mismas&#8230;<\/p>\n","protected":false},"author":3,"featured_media":78443,"comment_status":"closed","ping_status":"closed","sticky":false,"template":"","format":"standard","meta":[],"categories":[15],"tags":[],"_links":{"self":[{"href":"https:\/\/www.actualidadadiario.com\/index.php\/wp-json\/wp\/v2\/posts\/124317"}],"collection":[{"href":"https:\/\/www.actualidadadiario.com\/index.php\/wp-json\/wp\/v2\/posts"}],"about":[{"href":"https:\/\/www.actualidadadiario.com\/index.php\/wp-json\/wp\/v2\/types\/post"}],"author":[{"embeddable":true,"href":"https:\/\/www.actualidadadiario.com\/index.php\/wp-json\/wp\/v2\/users\/3"}],"replies":[{"embeddable":true,"href":"https:\/\/www.actualidadadiario.com\/index.php\/wp-json\/wp\/v2\/comments?post=124317"}],"version-history":[{"count":1,"href":"https:\/\/www.actualidadadiario.com\/index.php\/wp-json\/wp\/v2\/posts\/124317\/revisions"}],"predecessor-version":[{"id":124318,"href":"https:\/\/www.actualidadadiario.com\/index.php\/wp-json\/wp\/v2\/posts\/124317\/revisions\/124318"}],"wp:featuredmedia":[{"embeddable":true,"href":"https:\/\/www.actualidadadiario.com\/index.php\/wp-json\/wp\/v2\/media\/78443"}],"wp:attachment":[{"href":"https:\/\/www.actualidadadiario.com\/index.php\/wp-json\/wp\/v2\/media?parent=124317"}],"wp:term":[{"taxonomy":"category","embeddable":true,"href":"https:\/\/www.actualidadadiario.com\/index.php\/wp-json\/wp\/v2\/categories?post=124317"},{"taxonomy":"post_tag","embeddable":true,"href":"https:\/\/www.actualidadadiario.com\/index.php\/wp-json\/wp\/v2\/tags?post=124317"}],"curies":[{"name":"wp","href":"https:\/\/api.w.org\/{rel}","templated":true}]}}