{"id":124311,"date":"2025-01-14T12:09:09","date_gmt":"2025-01-14T15:09:09","guid":{"rendered":"https:\/\/www.actualidadadiario.com\/?p=124311"},"modified":"2025-01-14T12:09:09","modified_gmt":"2025-01-14T15:09:09","slug":"incendios-forestales-bajo-control-pero-persiste-el-riesgo-de-reinicio","status":"publish","type":"post","link":"https:\/\/www.actualidadadiario.com\/index.php\/2025\/01\/14\/incendios-forestales-bajo-control-pero-persiste-el-riesgo-de-reinicio\/","title":{"rendered":"Incendios forestales bajo control pero persiste el riesgo de reinicio"},"content":{"rendered":"<p style=\"text-align: center;\"><em><strong>Desde la tarde noche de ayer, se encuentran bajo control los focos \u00edgneos desatados el domingo en la zona de Calabacillas y Magnasco, departamento Concordia<\/strong><\/em><\/p>\n<p>&nbsp;<\/p>\n<p>&nbsp;<\/p>\n<p>Con la coordinaci\u00f3n del Plan de Manejo del Fuego de Entre R\u00edos, durante dos jornadas han venido trabajando de forma articulada y conjunta brigadistas de la Polic\u00eda, Defensa Civil, la Secretar\u00eda de Ambiente y bomberos voluntarios de Concordia, Villa Elisa y Ubajay, entre otras localidades de la regi\u00f3n. En el lugar estuvieron presentes el jefe de Defensa Civil, Roberto Borre, junto al coordinador de la Brigada de Respuesta Ambiental, C\u00e9sar G\u00f3mez.<\/p>\n<p>Las autoridades consideraron la posibilidad de solicitar medios a\u00e9reos a otras jurisdicciones, como C\u00f3rdoba, pero finalmente el Comando Unificado de Incendios entendi\u00f3 que no era necesario. A pesar que el incendio fue contenido en las \u00faltimas horas del lunes, advirtieron que persiste el riesgo de reinicio debido a las condiciones clim\u00e1ticas adversas, como el viento intenso y las altas temperaturas.<\/p>\n<p>Para mitigar riesgos, se ha enfriado el per\u00edmetro y desmontado troncos grandes para evitar que las chispas enciendan \u00e1reas no afectadas. El trabajo ha sido continuo y se planea seguir con las labores de enfriamiento y monitoreo para asegurar que el incendio no se reactive durante las pr\u00f3ximas horas.<\/p>\n<p>La secretaria de Ambiente de Entre R\u00edos, Rosa Hojman, destac\u00f3 el trabajo \u201ccoordinado y profesional\u201d, como tambi\u00e9n contar con \u201cexpertos capacitados para poner la situaci\u00f3n bajo control\u201d. A su vez, la funcionaria record\u00f3 que \u201cest\u00e1 vigente la prohibici\u00f3n absoluta de quemas en toda la provincia desde el pasado 1\u00ba de enero y hasta el 28 de febrero inclusive\u201d. Adem\u00e1s, valor\u00f3 el aporte de las comunas y municipios afectados, \u201cque est\u00e1n dando una gran ayuda log\u00edstica para facilitar el trabajo de los bomberos\u201d.<\/p>\n","protected":false},"excerpt":{"rendered":"<p>Desde la tarde noche de ayer, se encuentran bajo control los focos \u00edgneos desatados el domingo en la zona de Calabacillas y Magnasco, departamento Concordia &nbsp; &nbsp; Con la coordinaci\u00f3n del Plan de Manejo del Fuego de Entre R\u00edos, durante dos jornadas han venido trabajando de forma articulada y conjunta brigadistas de la Polic\u00eda, Defensa Civil, la Secretar\u00eda de Ambiente y bomberos voluntarios de Concordia, Villa Elisa y Ubajay, entre otras localidades de la regi\u00f3n. En el lugar estuvieron presentes el jefe de Defensa Civil, Roberto Borre, junto al coordinador&#8230;<\/p>\n","protected":false},"author":3,"featured_media":124312,"comment_status":"closed","ping_status":"closed","sticky":false,"template":"","format":"standard","meta":[],"categories":[15],"tags":[],"_links":{"self":[{"href":"https:\/\/www.actualidadadiario.com\/index.php\/wp-json\/wp\/v2\/posts\/124311"}],"collection":[{"href":"https:\/\/www.actualidadadiario.com\/index.php\/wp-json\/wp\/v2\/posts"}],"about":[{"href":"https:\/\/www.actualidadadiario.com\/index.php\/wp-json\/wp\/v2\/types\/post"}],"author":[{"embeddable":true,"href":"https:\/\/www.actualidadadiario.com\/index.php\/wp-json\/wp\/v2\/users\/3"}],"replies":[{"embeddable":true,"href":"https:\/\/www.actualidadadiario.com\/index.php\/wp-json\/wp\/v2\/comments?post=124311"}],"version-history":[{"count":1,"href":"https:\/\/www.actualidadadiario.com\/index.php\/wp-json\/wp\/v2\/posts\/124311\/revisions"}],"predecessor-version":[{"id":124313,"href":"https:\/\/www.actualidadadiario.com\/index.php\/wp-json\/wp\/v2\/posts\/124311\/revisions\/124313"}],"wp:featuredmedia":[{"embeddable":true,"href":"https:\/\/www.actualidadadiario.com\/index.php\/wp-json\/wp\/v2\/media\/124312"}],"wp:attachment":[{"href":"https:\/\/www.actualidadadiario.com\/index.php\/wp-json\/wp\/v2\/media?parent=124311"}],"wp:term":[{"taxonomy":"category","embeddable":true,"href":"https:\/\/www.actualidadadiario.com\/index.php\/wp-json\/wp\/v2\/categories?post=124311"},{"taxonomy":"post_tag","embeddable":true,"href":"https:\/\/www.actualidadadiario.com\/index.php\/wp-json\/wp\/v2\/tags?post=124311"}],"curies":[{"name":"wp","href":"https:\/\/api.w.org\/{rel}","templated":true}]}}