{"id":124305,"date":"2025-01-14T12:06:26","date_gmt":"2025-01-14T15:06:26","guid":{"rendered":"https:\/\/www.actualidadadiario.com\/?p=124305"},"modified":"2025-01-14T12:06:26","modified_gmt":"2025-01-14T15:06:26","slug":"piden-medidas-urgentes-para-revertir-el-tremendo-deterioro-de-los-caminos-rurales-de-la-provincia","status":"publish","type":"post","link":"https:\/\/www.actualidadadiario.com\/index.php\/2025\/01\/14\/piden-medidas-urgentes-para-revertir-el-tremendo-deterioro-de-los-caminos-rurales-de-la-provincia\/","title":{"rendered":"Piden medidas \u201curgentes\u201d para revertir el \u201ctremendo deterioro de los caminos rurales\u201d de la provincia"},"content":{"rendered":"<p style=\"text-align: center;\"><em><strong>La Federaci\u00f3n de Asociaciones Rurales de Entre R\u00edos (Farer) se reuni\u00f3 el viernes y manifest\u00f3 su preocupaci\u00f3n por el deplorable estado de los caminos rurales de la provincia y por la dur\u00edsima situaci\u00f3n por la que atraviesan los productores av\u00edcolas. La entidad envi\u00f3 notas al gobernador Frigerio y al Ministro de Desarrollo Econ\u00f3mico de la Provincia<\/strong><\/em><\/p>\n<p>&nbsp;<\/p>\n<p>&nbsp;<\/p>\n<p>El pasado viernes tuvo lugar la reuni\u00f3n mensual de la Federaci\u00f3n de Asociaciones Rurales de Entre R\u00edos (Farer) en las instalaciones de la Sociedad Rural de Villaguay, donde se abordaron las diferentes tem\u00e1ticas inherentes a la producci\u00f3n agropecuaria, entre los que se destacaron la seria complejidad que presentan el estado de los caminos y la dur\u00edsima situaci\u00f3n que atraviesa el sector av\u00edcola.<\/p>\n<p>De este modo, la entidad gremial que re\u00fane a m\u00e1s de 15 rurales, debati\u00f3 en torno a estos y otros temas y decidi\u00f3 remitir dos notas al ministro de Desarrollo Econ\u00f3mico, Guillermo Bernaudo y al gobernador Rogelio Frigerio a los fines de plantearles con datos precisos dos. temas que necesitan respuestas urgentes: la situaci\u00f3n de los caminos rurales y de la avicultura.<\/p>\n<p>Solicitar\u00e1n al Gobierno un encuentro a los efectos de buscar los mecanismos necesarios y urgentes tendientes a encontrar respuestas para la mejora de los caminos de la producci\u00f3n: \u201cEntendemos y aplaudimos los cambios en la legislaci\u00f3n que derivaban porcentajes importantes de la contribuci\u00f3n sobre el Inmobiliario Rural a las obras viales. Pero hasta el d\u00eda eso no se traduce ni en obras ni en respuestas\u201d<\/p>\n<p>\u201cEn dos o tres meses van a comenzar las lluvias y vamos a tener m\u00e1s problemas a\u00fan. Hoy no hay inversi\u00f3n a la vista y el deterioro de los caminos es tremendo\u201d, coincidieron los presidentes de las rurales.<\/p>\n<p>&nbsp;<\/p>\n<p><strong>Eliminaci\u00f3n de tributos a la avicultura<\/strong><\/p>\n<p>Por otra parte hicieron referencia a \u201cla angustiosa realidad que vive la avicultura entrerriana\u201d. En tal sentido, indicaron: \u201cDebemos ir por la eliminaci\u00f3n de ese 3% en concepto de Ingresos Brutos que se le cobra a la actividad y que no pasa en otras provincias. Tenemos que encarar ese y otros aspectos para obtener soluciones inmediatas para paliar la complicada actualidad de los productores\u201d, se\u00f1al\u00f3 Nicasio Tito, titular de Farer.<\/p>\n<p>&nbsp;<\/p>\n<p><strong>Otros temas<\/strong><\/p>\n<p>En otra orden, se avanz\u00f3 en la confirmaci\u00f3n de algunas fechas del calendario Farer de exposiciones rurales y se comunicaron las correspondientes a las distintas fiestas del ternero que realizan las rurales del norte entrerriano. De este modo, Chajar\u00ed ser\u00e1 sede el 27 de febrero; Feliciano el 6 de marzo y Federal el 7 del mismo mes.<\/p>\n<p>Adem\u00e1s, la gremial entrerriana se sum\u00f3 a la campa\u00f1a iniciada por Confederaciones Rurales Argentinas (CRA) -entidad que cobija a Farer y otras 15 confederadas- respecto del pedido de eliminaci\u00f3n urgente de los derechos de exportaci\u00f3n, com\u00fanmente llamamos retenciones o DEX.<\/p>\n<p>Seg\u00fan el \u00faltimo informe de FADA, en 2024, el Estado se qued\u00f3 con $ 64,30 de cada $ 100 de renta agr\u00edcola y los impuestos nacionales no coparticipables representaron el 67,5% del total de impuestos que afronta una hect\u00e1rea agr\u00edcola en Argentina. La composici\u00f3n central de estos impuestos son los derechos de exportaci\u00f3n.<\/p>\n<p>En un contexto de ecuaciones negativas y con una alt\u00edsima presi\u00f3n tributaria, resulta imperioso la eliminaci\u00f3n de las retenciones: \u201cLa demora en la medida provocar\u00e1 cesaci\u00f3n de pagos, el quebranto de millas de productores y un fuerte freno al desarrollo del interior y de la econom\u00eda, asociado al sector productivo\u201d, advirtieron.<\/p>\n","protected":false},"excerpt":{"rendered":"<p>La Federaci\u00f3n de Asociaciones Rurales de Entre R\u00edos (Farer) se reuni\u00f3 el viernes y manifest\u00f3 su preocupaci\u00f3n por el deplorable estado de los caminos rurales de la provincia y por la dur\u00edsima situaci\u00f3n por la que atraviesan los productores av\u00edcolas. La entidad envi\u00f3 notas al gobernador Frigerio y al Ministro de Desarrollo Econ\u00f3mico de la Provincia &nbsp; &nbsp; El pasado viernes tuvo lugar la reuni\u00f3n mensual de la Federaci\u00f3n de Asociaciones Rurales de Entre R\u00edos (Farer) en las instalaciones de la Sociedad Rural de Villaguay, donde se abordaron las diferentes&#8230;<\/p>\n","protected":false},"author":3,"featured_media":124306,"comment_status":"closed","ping_status":"closed","sticky":false,"template":"","format":"standard","meta":[],"categories":[15],"tags":[],"_links":{"self":[{"href":"https:\/\/www.actualidadadiario.com\/index.php\/wp-json\/wp\/v2\/posts\/124305"}],"collection":[{"href":"https:\/\/www.actualidadadiario.com\/index.php\/wp-json\/wp\/v2\/posts"}],"about":[{"href":"https:\/\/www.actualidadadiario.com\/index.php\/wp-json\/wp\/v2\/types\/post"}],"author":[{"embeddable":true,"href":"https:\/\/www.actualidadadiario.com\/index.php\/wp-json\/wp\/v2\/users\/3"}],"replies":[{"embeddable":true,"href":"https:\/\/www.actualidadadiario.com\/index.php\/wp-json\/wp\/v2\/comments?post=124305"}],"version-history":[{"count":1,"href":"https:\/\/www.actualidadadiario.com\/index.php\/wp-json\/wp\/v2\/posts\/124305\/revisions"}],"predecessor-version":[{"id":124307,"href":"https:\/\/www.actualidadadiario.com\/index.php\/wp-json\/wp\/v2\/posts\/124305\/revisions\/124307"}],"wp:featuredmedia":[{"embeddable":true,"href":"https:\/\/www.actualidadadiario.com\/index.php\/wp-json\/wp\/v2\/media\/124306"}],"wp:attachment":[{"href":"https:\/\/www.actualidadadiario.com\/index.php\/wp-json\/wp\/v2\/media?parent=124305"}],"wp:term":[{"taxonomy":"category","embeddable":true,"href":"https:\/\/www.actualidadadiario.com\/index.php\/wp-json\/wp\/v2\/categories?post=124305"},{"taxonomy":"post_tag","embeddable":true,"href":"https:\/\/www.actualidadadiario.com\/index.php\/wp-json\/wp\/v2\/tags?post=124305"}],"curies":[{"name":"wp","href":"https:\/\/api.w.org\/{rel}","templated":true}]}}