{"id":124303,"date":"2025-01-14T12:04:43","date_gmt":"2025-01-14T15:04:43","guid":{"rendered":"https:\/\/www.actualidadadiario.com\/?p=124303"},"modified":"2025-01-14T12:04:43","modified_gmt":"2025-01-14T15:04:43","slug":"en-la-primera-quincena-de-enero-entre-rios-tuvo-una-ocupacion-turistica-del-90-los-fines-de-semana","status":"publish","type":"post","link":"https:\/\/www.actualidadadiario.com\/index.php\/2025\/01\/14\/en-la-primera-quincena-de-enero-entre-rios-tuvo-una-ocupacion-turistica-del-90-los-fines-de-semana\/","title":{"rendered":"En la primera quincena de enero Entre R\u00edos tuvo una ocupaci\u00f3n tur\u00edstica del 90% los fines de semana"},"content":{"rendered":"<p style=\"text-align: center;\"><em><strong>La primera quincena de enero dej\u00f3 un balance altamente positivo para Entre R\u00edos, consolidando su lugar entre los destinos tur\u00edsticos m\u00e1s destacados del pa\u00eds. Con una ocupaci\u00f3n promedio del 90% durante los fines de semana en las principales ciudades tur\u00edsticas, m\u00e1s de 50.000 asistentes a los carnavales y decenas de miles m\u00e1s en las reconocidas fiestas nacionales, la provincia vivi\u00f3 un inicio de temporada prometedor<\/strong><\/em><\/p>\n<p>&nbsp;<\/p>\n<p>&nbsp;<\/p>\n<p>Seg\u00fan el informe estad\u00edstico elaborado por la Secretar\u00eda de Turismo, la ocupaci\u00f3n promedio en las dos primeras semanas de enero alcanz\u00f3 el 72%, con picos del 95% en destinos emblem\u00e1ticos del verano como Col\u00f3n, con sus playas sobre el r\u00edo Uruguay, y Villa Urquiza, en la costa del r\u00edo Paran\u00e1.<\/p>\n<p>&nbsp;<\/p>\n<p><strong>Propuesta tur\u00edstica<\/strong><\/p>\n<p>Entre R\u00edos contin\u00faa atrayendo turistas con una oferta integral que incluye playas de r\u00edo, termas, parques acu\u00e1ticos, parques a\u00e9reos, ecoturismo, vi\u00f1edos y una amplia variedad de actividades recreativas. A estos atractivos se suman el impacto cultural y festivo de los carnavales entrerrianos y la diversidad de fiestas populares que se desarrollan a lo largo y ancho del territorio provincial.<\/p>\n<p>Esta combinaci\u00f3n, resultado de una articulaci\u00f3n efectiva entre el sector p\u00fablico y privado, permiti\u00f3 alcanzar indicadores que auguran una excelente temporada tur\u00edstica. Al mismo tiempo, motivan a redoblar esfuerzos en promoci\u00f3n para atraer a\u00fan m\u00e1s turismo interno, nacional y regional.<\/p>\n<p>&nbsp;<\/p>\n<p><strong>Actividades destacadas<\/strong><\/p>\n<p>Los carnavales, un sello distintivo de Entre R\u00edos, reunieron a m\u00e1s de 50.000 espectadores en las primeras dos semanas del a\u00f1o, con Gualeguaych\u00fa, Hasenkamp y Gualeguay como epicentros de la celebraci\u00f3n.<\/p>\n<p>Las fiestas populares de renombre nacional tambi\u00e9n marcaron el calendario tur\u00edstico. El Festival Nacional de Jineteada y Folclore de Diamante, con nueve noches de tradici\u00f3n; y la Fiesta del Lago en Federaci\u00f3n, con cuatro jornadas de entretenimiento, convocaron a miles de visitantes.<\/p>\n<p>Asimismo, el Marat\u00f3n de Reyes de Concordia, una de las competencias deportivas m\u00e1s importantes de la regi\u00f3n, reuni\u00f3 a 3.000 atletas en un evento que combin\u00f3 deporte y turismo.<\/p>\n<p>Otras festividades como el Festival Carb\u00f3 Canta a Entre R\u00edos, Bar\u00fa Canta en Enero, la Fiesta de la Guitarra en Nogoy\u00e1, la Fiesta del Taipero Entrerriano en General Campos, el Festival del Jornalero en Mar\u00eda Grande y la Fiesta de la Playa en Piedras Blancas se destacaron durante el primer fin de semana del a\u00f1o.<\/p>\n<p>El segundo fin de semana continu\u00f3 con eventos como la Fiesta Nacional del Lino en Lucas Gonz\u00e1lez, la Fiesta del Cordero en San Jaime de la Frontera, la Fiesta de la Chamarrita en Santa Elena, y el Festival Rock en el R\u00edo en La Paz, entre otras. Todas estas celebraciones reunieron a vecinos, turistas y visitantes, consolidando a Entre R\u00edos como un destino de festividades \u00fanicas.<\/p>\n<p>&nbsp;<\/p>\n<p><strong>Beneficios para el turista<\/strong><\/p>\n<p>Entre R\u00edos tambi\u00e9n ofrece a sus visitantes el Pasaporte Entre R\u00edos, una tarjeta digital que brinda descuentos exclusivos en alojamientos, gastronom\u00eda y actividades. Esta herramienta permite planificar estad\u00edas m\u00e1s extensas y diversificadas a menor costo. Para acceder al Pasaporte, los interesados solo deben ingresar a la p\u00e1gina oficial de turismo: www.entrerios.tur.ar.<\/p>\n<p>&nbsp;<\/p>\n<p><strong>Conclusi\u00f3n<\/strong><\/p>\n<p>Con un comienzo alentador en esta temporada de verano, Entre R\u00edos no solo se posiciona como un destino tur\u00edstico destacado, sino tambi\u00e9n como un lugar que combina naturaleza, cultura y entretenimiento, ofreciendo experiencias inolvidables para toda la familia.<\/p>\n","protected":false},"excerpt":{"rendered":"<p>La primera quincena de enero dej\u00f3 un balance altamente positivo para Entre R\u00edos, consolidando su lugar entre los destinos tur\u00edsticos m\u00e1s destacados del pa\u00eds. Con una ocupaci\u00f3n promedio del 90% durante los fines de semana en las principales ciudades tur\u00edsticas, m\u00e1s de 50.000 asistentes a los carnavales y decenas de miles m\u00e1s en las reconocidas fiestas nacionales, la provincia vivi\u00f3 un inicio de temporada prometedor &nbsp; &nbsp; Seg\u00fan el informe estad\u00edstico elaborado por la Secretar\u00eda de Turismo, la ocupaci\u00f3n promedio en las dos primeras semanas de enero alcanz\u00f3 el 72%,&#8230;<\/p>\n","protected":false},"author":3,"featured_media":81193,"comment_status":"closed","ping_status":"closed","sticky":false,"template":"","format":"standard","meta":[],"categories":[9],"tags":[],"_links":{"self":[{"href":"https:\/\/www.actualidadadiario.com\/index.php\/wp-json\/wp\/v2\/posts\/124303"}],"collection":[{"href":"https:\/\/www.actualidadadiario.com\/index.php\/wp-json\/wp\/v2\/posts"}],"about":[{"href":"https:\/\/www.actualidadadiario.com\/index.php\/wp-json\/wp\/v2\/types\/post"}],"author":[{"embeddable":true,"href":"https:\/\/www.actualidadadiario.com\/index.php\/wp-json\/wp\/v2\/users\/3"}],"replies":[{"embeddable":true,"href":"https:\/\/www.actualidadadiario.com\/index.php\/wp-json\/wp\/v2\/comments?post=124303"}],"version-history":[{"count":1,"href":"https:\/\/www.actualidadadiario.com\/index.php\/wp-json\/wp\/v2\/posts\/124303\/revisions"}],"predecessor-version":[{"id":124304,"href":"https:\/\/www.actualidadadiario.com\/index.php\/wp-json\/wp\/v2\/posts\/124303\/revisions\/124304"}],"wp:featuredmedia":[{"embeddable":true,"href":"https:\/\/www.actualidadadiario.com\/index.php\/wp-json\/wp\/v2\/media\/81193"}],"wp:attachment":[{"href":"https:\/\/www.actualidadadiario.com\/index.php\/wp-json\/wp\/v2\/media?parent=124303"}],"wp:term":[{"taxonomy":"category","embeddable":true,"href":"https:\/\/www.actualidadadiario.com\/index.php\/wp-json\/wp\/v2\/categories?post=124303"},{"taxonomy":"post_tag","embeddable":true,"href":"https:\/\/www.actualidadadiario.com\/index.php\/wp-json\/wp\/v2\/tags?post=124303"}],"curies":[{"name":"wp","href":"https:\/\/api.w.org\/{rel}","templated":true}]}}