{"id":124301,"date":"2025-01-09T13:31:11","date_gmt":"2025-01-09T16:31:11","guid":{"rendered":"https:\/\/www.actualidadadiario.com\/?p=124301"},"modified":"2025-01-09T13:31:11","modified_gmt":"2025-01-09T16:31:11","slug":"el-pronostico-anticipa-39c-la-semana-proxima","status":"publish","type":"post","link":"https:\/\/www.actualidadadiario.com\/index.php\/2025\/01\/09\/el-pronostico-anticipa-39c-la-semana-proxima\/","title":{"rendered":"El pron\u00f3stico anticipa 39\u00b0C la semana pr\u00f3xima"},"content":{"rendered":"<p style=\"text-align: center;\"><em><strong>El calor se intensificar\u00e1 en Entre R\u00edos. No hay pron\u00f3stico de lluvias ni alivio de temperaturas. Conoc\u00e9 qu\u00e9 d\u00edas estar\u00e1 m\u00e1s agobiante<\/strong><\/em><\/p>\n<p>&nbsp;<\/p>\n<p>&nbsp;<\/p>\n<p>La ola de calor no cesa en Entre R\u00edos y se anuncia que se intensificar\u00e1 la semana pr\u00f3xima. Por el momento, el pron\u00f3stico extendido no avizora un cambio de las condiciones del tiempo, por lo que habr\u00e1 que esperar el alivio.<\/p>\n<p>Seg\u00fan el Servicio Meteorol\u00f3gico Nacional \u2013SMN-, esta semana terminar\u00e1 con temperaturas m\u00e1ximas de entre 33 y 35 grados. En tanto, tras el fin de semana, se espera que los pr\u00f3ximos d\u00edas sean a\u00fan m\u00e1s agobiantes.<\/p>\n<p>Se anticipan para la semana que viene m\u00e1ximas de entre 36 y hasta 39 grados. La sensaci\u00f3n t\u00e9rmica incluso puede ser superior. No hay anuncio de lluvias en el corto plazo que genere un cambio en la atm\u00f3sfera.<\/p>\n<p>&nbsp;<\/p>\n<p><strong>Tercera semana de enero agobiante: qu\u00e9 d\u00edas ser\u00e1n los m\u00e1s calurosos<\/strong><\/p>\n<p>En Paran\u00e1, La Paz, Diamante, Nogoy\u00e1 y Villaguay anuncian 36 grados para el lunes, 37 grados para el martes y 39 grados para el mi\u00e9rcoles 15 de enero.<\/p>\n<p>En Concordia, Federal, Federaci\u00f3n, Feliciano y San Salvador pronostican 35 grados para el lunes, 36 grados para el martes y 38 grados para el mi\u00e9rcoles.<\/p>\n<p>En Gualeguaych\u00fa, Uruguay, Tala, Col\u00f3n e Islas del Ibicuy prev\u00e9n 34 grados para el lunes, 36 grados para el martes y 38 grados para el mi\u00e9rcoles.<\/p>\n<p>Finalmente, en Victoria y Gualeguay anuncian 36 grados para el lunes y el martes, mientras que se aguardan 38 grados para el mi\u00e9rcoles.<\/p>\n","protected":false},"excerpt":{"rendered":"<p>El calor se intensificar\u00e1 en Entre R\u00edos. No hay pron\u00f3stico de lluvias ni alivio de temperaturas. Conoc\u00e9 qu\u00e9 d\u00edas estar\u00e1 m\u00e1s agobiante &nbsp; &nbsp; La ola de calor no cesa en Entre R\u00edos y se anuncia que se intensificar\u00e1 la semana pr\u00f3xima. Por el momento, el pron\u00f3stico extendido no avizora un cambio de las condiciones del tiempo, por lo que habr\u00e1 que esperar el alivio. Seg\u00fan el Servicio Meteorol\u00f3gico Nacional \u2013SMN-, esta semana terminar\u00e1 con temperaturas m\u00e1ximas de entre 33 y 35 grados. En tanto, tras el fin de semana,&#8230;<\/p>\n","protected":false},"author":3,"featured_media":104997,"comment_status":"closed","ping_status":"closed","sticky":false,"template":"","format":"standard","meta":[],"categories":[15],"tags":[],"_links":{"self":[{"href":"https:\/\/www.actualidadadiario.com\/index.php\/wp-json\/wp\/v2\/posts\/124301"}],"collection":[{"href":"https:\/\/www.actualidadadiario.com\/index.php\/wp-json\/wp\/v2\/posts"}],"about":[{"href":"https:\/\/www.actualidadadiario.com\/index.php\/wp-json\/wp\/v2\/types\/post"}],"author":[{"embeddable":true,"href":"https:\/\/www.actualidadadiario.com\/index.php\/wp-json\/wp\/v2\/users\/3"}],"replies":[{"embeddable":true,"href":"https:\/\/www.actualidadadiario.com\/index.php\/wp-json\/wp\/v2\/comments?post=124301"}],"version-history":[{"count":1,"href":"https:\/\/www.actualidadadiario.com\/index.php\/wp-json\/wp\/v2\/posts\/124301\/revisions"}],"predecessor-version":[{"id":124302,"href":"https:\/\/www.actualidadadiario.com\/index.php\/wp-json\/wp\/v2\/posts\/124301\/revisions\/124302"}],"wp:featuredmedia":[{"embeddable":true,"href":"https:\/\/www.actualidadadiario.com\/index.php\/wp-json\/wp\/v2\/media\/104997"}],"wp:attachment":[{"href":"https:\/\/www.actualidadadiario.com\/index.php\/wp-json\/wp\/v2\/media?parent=124301"}],"wp:term":[{"taxonomy":"category","embeddable":true,"href":"https:\/\/www.actualidadadiario.com\/index.php\/wp-json\/wp\/v2\/categories?post=124301"},{"taxonomy":"post_tag","embeddable":true,"href":"https:\/\/www.actualidadadiario.com\/index.php\/wp-json\/wp\/v2\/tags?post=124301"}],"curies":[{"name":"wp","href":"https:\/\/api.w.org\/{rel}","templated":true}]}}