{"id":124295,"date":"2025-01-09T13:29:16","date_gmt":"2025-01-09T16:29:16","guid":{"rendered":"https:\/\/www.actualidadadiario.com\/?p=124295"},"modified":"2025-01-09T13:29:16","modified_gmt":"2025-01-09T16:29:16","slug":"came-solicito-al-gobierno-nacional-que-arregle-las-rutas-12-y-14","status":"publish","type":"post","link":"https:\/\/www.actualidadadiario.com\/index.php\/2025\/01\/09\/came-solicito-al-gobierno-nacional-que-arregle-las-rutas-12-y-14\/","title":{"rendered":"CAME solicit\u00f3 al gobierno nacional que arregle las rutas 12 y 14"},"content":{"rendered":"<p style=\"text-align: center;\"><em><strong>La Confederaci\u00f3n Argentina de la Mediana Empresa (CAME) acompa\u00f1\u00f3 a la Federaci\u00f3n Econ\u00f3mica de Corrientes (FEC) en el pedido de ejecutar \u00abreparaciones necesarias en las rutas nacionales 12 y 14, dos caminos de relevancia\u00bb, expresaron<\/strong><\/em><\/p>\n<p>&nbsp;<\/p>\n<p>&nbsp;<\/p>\n<p>Seg\u00fan el documento emitido por CAME \u00abambas rutas son claves para la conectividad log\u00edstica y comercial de la regi\u00f3n, especialmente como parte del corredor estrat\u00e9gico del Mercosur\u00bb.<\/p>\n<p>En ese sentido, se expres\u00f3 que \u00abel actual estado de deterioro constante genera no s\u00f3lo un encarecimiento significativo de los costos de transporte y log\u00edstica, sino tambi\u00e9n un alarmante aumento de accidentes viales con consecuencias fatales\u00bb.<\/p>\n<p>Y se subray\u00f3 que es \u00abindispensable que las rutas 12 y 14 sean transitables y seguras, lo que conllevar\u00e1 un impacto positivo en el desarrollo productivo, tur\u00edstico y social de las provincias comprendidas\u201d.<\/p>\n<p>Por \u00faltimo, en el comunicado se deja en claro \u00abla importancia de la colaboraci\u00f3n p\u00fablico-privada para la implementaci\u00f3n de medidas fundamentales que potencien a los emprendimientos productivos\u00bb.<\/p>\n<p>Por lo tanto \u00abse les solicita a las autoridades nacionales priorizar la reparaci\u00f3n y el mantenimiento de estas rutas estrat\u00e9gicas para el comercio de toda la Argentina\u201d, concluyeron.<\/p>\n","protected":false},"excerpt":{"rendered":"<p>La Confederaci\u00f3n Argentina de la Mediana Empresa (CAME) acompa\u00f1\u00f3 a la Federaci\u00f3n Econ\u00f3mica de Corrientes (FEC) en el pedido de ejecutar \u00abreparaciones necesarias en las rutas nacionales 12 y 14, dos caminos de relevancia\u00bb, expresaron &nbsp; &nbsp; Seg\u00fan el documento emitido por CAME \u00abambas rutas son claves para la conectividad log\u00edstica y comercial de la regi\u00f3n, especialmente como parte del corredor estrat\u00e9gico del Mercosur\u00bb. En ese sentido, se expres\u00f3 que \u00abel actual estado de deterioro constante genera no s\u00f3lo un encarecimiento significativo de los costos de transporte y log\u00edstica, sino&#8230;<\/p>\n","protected":false},"author":3,"featured_media":124296,"comment_status":"closed","ping_status":"closed","sticky":false,"template":"","format":"standard","meta":[],"categories":[15],"tags":[],"_links":{"self":[{"href":"https:\/\/www.actualidadadiario.com\/index.php\/wp-json\/wp\/v2\/posts\/124295"}],"collection":[{"href":"https:\/\/www.actualidadadiario.com\/index.php\/wp-json\/wp\/v2\/posts"}],"about":[{"href":"https:\/\/www.actualidadadiario.com\/index.php\/wp-json\/wp\/v2\/types\/post"}],"author":[{"embeddable":true,"href":"https:\/\/www.actualidadadiario.com\/index.php\/wp-json\/wp\/v2\/users\/3"}],"replies":[{"embeddable":true,"href":"https:\/\/www.actualidadadiario.com\/index.php\/wp-json\/wp\/v2\/comments?post=124295"}],"version-history":[{"count":1,"href":"https:\/\/www.actualidadadiario.com\/index.php\/wp-json\/wp\/v2\/posts\/124295\/revisions"}],"predecessor-version":[{"id":124297,"href":"https:\/\/www.actualidadadiario.com\/index.php\/wp-json\/wp\/v2\/posts\/124295\/revisions\/124297"}],"wp:featuredmedia":[{"embeddable":true,"href":"https:\/\/www.actualidadadiario.com\/index.php\/wp-json\/wp\/v2\/media\/124296"}],"wp:attachment":[{"href":"https:\/\/www.actualidadadiario.com\/index.php\/wp-json\/wp\/v2\/media?parent=124295"}],"wp:term":[{"taxonomy":"category","embeddable":true,"href":"https:\/\/www.actualidadadiario.com\/index.php\/wp-json\/wp\/v2\/categories?post=124295"},{"taxonomy":"post_tag","embeddable":true,"href":"https:\/\/www.actualidadadiario.com\/index.php\/wp-json\/wp\/v2\/tags?post=124295"}],"curies":[{"name":"wp","href":"https:\/\/api.w.org\/{rel}","templated":true}]}}