{"id":124290,"date":"2025-01-09T13:27:15","date_gmt":"2025-01-09T16:27:15","guid":{"rendered":"https:\/\/www.actualidadadiario.com\/?p=124290"},"modified":"2025-01-09T13:27:15","modified_gmt":"2025-01-09T16:27:15","slug":"la-secretaria-de-deportes-ahora-es-parte-del-area-de-la-gobernacion-de-la-provincia","status":"publish","type":"post","link":"https:\/\/www.actualidadadiario.com\/index.php\/2025\/01\/09\/la-secretaria-de-deportes-ahora-es-parte-del-area-de-la-gobernacion-de-la-provincia\/","title":{"rendered":"La Secretar\u00eda de Deportes ahora es parte del \u00e1rea de la Gobernaci\u00f3n de la Provincia"},"content":{"rendered":"<p style=\"text-align: center;\"><em><strong>La cartera de Deportes anteriormente pertenec\u00eda al Ministerio de Desarrollo Humano y pas\u00f3 a ser parte de la Secretar\u00eda de la Gobernaci\u00f3n a trav\u00e9s de un decreto. Cabe destacar que la Ley de Ministerios permite al Ejecutivo \u201cefectuar por v\u00eda reglamentaria, las modificaciones y adecuaciones administrativas, institucionales, org\u00e1nicas, funcionales y presupuestarias necesarias\u201d<\/strong><\/em><\/p>\n<p>&nbsp;<\/p>\n<p>&nbsp;<\/p>\n<p>Desde el 10 de diciembre del 2024 la Secretar\u00eda de Deportes de la Provincia dej\u00f3 de dependiente del Ministerio de Desarrollo Humano y pas\u00f3 a ser parte de la Secretar\u00eda de la Gobernaci\u00f3n.<\/p>\n<p>Esta decisi\u00f3n se tom\u00f3 porque, seg\u00fan la Ley de Ministerios, el gobierno tiene la facultad de reorganizar las \u00e1reas que dependen de \u00e9l para hacer que las funciones y competencias de cada secretar\u00eda sean m\u00e1s poderosas. Esta reubicaci\u00f3n busca que la Secretar\u00eda de Deportes est\u00e9 mejor alineada con otras \u00e1reas estrat\u00e9gicas.<\/p>\n<p>El decreto se public\u00f3 en el Bolet\u00edn Oficial N\u00ba28.010.<\/p>\n<p>Cabe destacar que la legislaci\u00f3n actual permite al Poder Ejecutivo \u201cmodificar, sustituir, suprimir, reasignar y reestructurar organismos, funciones, competencias, dependencias y denominaciones, de las jurisdicciones ministeriales dependientes de la Administraci\u00f3n Central, quedando adem\u00e1s facultado para modificar las relaciones jer\u00e1rquicas y funcionales. . legalmente establecidos, respecto de la administraci\u00f3n\u201d.<\/p>\n","protected":false},"excerpt":{"rendered":"<p>La cartera de Deportes anteriormente pertenec\u00eda al Ministerio de Desarrollo Humano y pas\u00f3 a ser parte de la Secretar\u00eda de la Gobernaci\u00f3n a trav\u00e9s de un decreto. Cabe destacar que la Ley de Ministerios permite al Ejecutivo \u201cefectuar por v\u00eda reglamentaria, las modificaciones y adecuaciones administrativas, institucionales, org\u00e1nicas, funcionales y presupuestarias necesarias\u201d &nbsp; &nbsp; Desde el 10 de diciembre del 2024 la Secretar\u00eda de Deportes de la Provincia dej\u00f3 de dependiente del Ministerio de Desarrollo Humano y pas\u00f3 a ser parte de la Secretar\u00eda de la Gobernaci\u00f3n. Esta decisi\u00f3n se&#8230;<\/p>\n","protected":false},"author":3,"featured_media":124291,"comment_status":"closed","ping_status":"closed","sticky":false,"template":"","format":"standard","meta":[],"categories":[15],"tags":[],"_links":{"self":[{"href":"https:\/\/www.actualidadadiario.com\/index.php\/wp-json\/wp\/v2\/posts\/124290"}],"collection":[{"href":"https:\/\/www.actualidadadiario.com\/index.php\/wp-json\/wp\/v2\/posts"}],"about":[{"href":"https:\/\/www.actualidadadiario.com\/index.php\/wp-json\/wp\/v2\/types\/post"}],"author":[{"embeddable":true,"href":"https:\/\/www.actualidadadiario.com\/index.php\/wp-json\/wp\/v2\/users\/3"}],"replies":[{"embeddable":true,"href":"https:\/\/www.actualidadadiario.com\/index.php\/wp-json\/wp\/v2\/comments?post=124290"}],"version-history":[{"count":1,"href":"https:\/\/www.actualidadadiario.com\/index.php\/wp-json\/wp\/v2\/posts\/124290\/revisions"}],"predecessor-version":[{"id":124292,"href":"https:\/\/www.actualidadadiario.com\/index.php\/wp-json\/wp\/v2\/posts\/124290\/revisions\/124292"}],"wp:featuredmedia":[{"embeddable":true,"href":"https:\/\/www.actualidadadiario.com\/index.php\/wp-json\/wp\/v2\/media\/124291"}],"wp:attachment":[{"href":"https:\/\/www.actualidadadiario.com\/index.php\/wp-json\/wp\/v2\/media?parent=124290"}],"wp:term":[{"taxonomy":"category","embeddable":true,"href":"https:\/\/www.actualidadadiario.com\/index.php\/wp-json\/wp\/v2\/categories?post=124290"},{"taxonomy":"post_tag","embeddable":true,"href":"https:\/\/www.actualidadadiario.com\/index.php\/wp-json\/wp\/v2\/tags?post=124290"}],"curies":[{"name":"wp","href":"https:\/\/api.w.org\/{rel}","templated":true}]}}