{"id":124285,"date":"2025-01-09T13:25:11","date_gmt":"2025-01-09T16:25:11","guid":{"rendered":"https:\/\/www.actualidadadiario.com\/?p=124285"},"modified":"2025-01-09T13:25:11","modified_gmt":"2025-01-09T16:25:11","slug":"macri-acepta-la-oferta-de-milei-y-revela-su-equipo-para-2025","status":"publish","type":"post","link":"https:\/\/www.actualidadadiario.com\/index.php\/2025\/01\/09\/macri-acepta-la-oferta-de-milei-y-revela-su-equipo-para-2025\/","title":{"rendered":"Macri acepta la oferta de Milei y revela su equipo para 2025"},"content":{"rendered":"<p style=\"text-align: center;\"><em><strong>Macri se muestra dispuesto a aliarse con Milei para las elecciones de 2025, con el objetivo de derrotar al kirchnerismo. \u00bfQu\u00e9 implica esta nueva coalici\u00f3n?<\/strong><\/em><\/p>\n<p>&nbsp;<\/p>\n<p>&nbsp;<\/p>\n<p>Mauricio Macri respondi\u00f3 este jueves a la invitaci\u00f3n del presidente Javier Milei para conformar un acuerdo electoral entre el PRO y La Libertad Avanza de cara a las elecciones legislativas de 2025. A trav\u00e9s de un mensaje en su cuenta de X (ex Twitter), Macri expres\u00f3 su disposici\u00f3n para formar un equipo de trabajo conjunto con el mandatario y avanzar en una &#8220;agenda profunda de cambios y transformaciones&#8221; que, seg\u00fan \u00e9l, Argentina a\u00fan necesita.<\/p>\n<p>El expresidente public\u00f3 un mensaje a trav\u00e9s de sus redes sociales en el que manifest\u00f3 estar dispuesto a colaborar con Javier Milei, reafirmando su compromiso con la lucha contra el kirchnerismo y el populismo. En sus palabras, el exmandatario sostuvo que el PRO &#8220;siempre estar\u00e1 del lado de los que trabajan para terminar con la demagogia y la falta de transparencia&#8221;, con el objetivo de evitar que el kirchnerismo regrese al poder.<\/p>\n<p>&#8220;Estamos dispuestos a conformar un equipo de trabajo conjuntamente con quien vos dispongas, para defender los logros obtenidos y tambi\u00e9n avanzar en una agenda profunda de cambios y transformaciones que la Argentina a\u00fan necesita&#8221;, escribi\u00f3 Macri en su mensaje. Tambi\u00e9n destac\u00f3 que las convicciones de su partido se han mantenido firmes tanto en el balotaje de 2023 como en el acompa\u00f1amiento legislativo durante 2024.<\/p>\n<p>A la hora de detallar qui\u00e9nes formar\u00edan parte de este equipo de trabajo, Macri present\u00f3 a algunos de sus colaboradores m\u00e1s cercanos, como Cristian Ritondo, Ana Clara Romero, Silvia Lospennato, Hern\u00e1n Lacunza y Soledad Mart\u00ednez, y dej\u00f3 claro que tambi\u00e9n est\u00e1 dispuesto a incluir a los nombres propuestos por La Libertad Avanza para fortalecer esta alianza.<\/p>\n<p>&nbsp;<\/p>\n<p><strong>Milei hab\u00eda solicitado un acuerdo &#8220;total&#8221; con el PRO<\/strong><\/p>\n<p>El gesto de Macri llega luego de que el presidente Javier Milei, en una entrevista con Luis Majul el martes 7 de enero, abriera las puertas a una alianza m\u00e1s formal con el PRO. Milei expres\u00f3 su disposici\u00f3n a dialogar con el exmandatario y su partido con el fin de &#8220;arrasar al kirchnerismo&#8221; en las pr\u00f3ximas elecciones legislativas. &#8220;Vayamos juntos y arrasemos al kirchnerismo&#8221;, fue el mensaje que el presidente transmiti\u00f3 en su entrevista.<\/p>\n<p>Milei tambi\u00e9n subray\u00f3 que la discusi\u00f3n sobre los cargos no es una prioridad, sino que lo importante es unificar a la oposici\u00f3n para lograr un triunfo contundente frente al kirchnerismo. En cuanto al rol de Macri, el presidente expres\u00f3 que habr\u00eda que evaluar qu\u00e9 grado de involucramiento tiene el exmandatario en la pol\u00edtica partidaria, sin embargo, dej\u00f3 claro que la alianza deb\u00eda ser a nivel nacional.<\/p>\n<p>&nbsp;<\/p>\n<p><strong>Tensiones internas en el PRO: la pelea con Santiago Caputo<\/strong><\/p>\n<p>Sin embargo, las aguas dentro del PRO no est\u00e1n completamente calmadas. Mauricio Macri tambi\u00e9n se ha visto envuelto en disputas internas, especialmente con Santiago Caputo, el asesor cercano al presidente Milei, quien hab\u00eda intentado vincular al PRO con el kirchnerismo a trav\u00e9s de una supuesta red de protecci\u00f3n de la AFIP en la era Cambiemos. Macri, indignado por estas declaraciones, no dud\u00f3 en compartir p\u00fablicamente las cr\u00edticas de Alberto Abad, quien fuera titular de la AFIP durante su gesti\u00f3n.<\/p>\n<p>En sus tuits, Macri dej\u00f3 en claro su rechazo hacia cualquier intento de asociar al PRO con el kirchnerismo y reafirm\u00f3 su postura de luchar por la transparencia y la derrota definitiva de la corriente oficialista.<\/p>\n<p>&nbsp;<\/p>\n<p><strong>\u00bfC\u00f3mo impacta la posible alianza en el panorama electoral?<\/strong><\/p>\n<p>Con las elecciones legislativas de 2025 en el horizonte, la posibilidad de una alianza entre el PRO y La Libertad Avanza representa un desaf\u00edo importante para el oficialismo. La uni\u00f3n de estos dos sectores de la oposici\u00f3n podr\u00eda resultar en un bloque formidable que, seg\u00fan algunos analistas, tendr\u00eda el poder de arrebatarle al kirchnerismo su tradicional control en el Congreso. De esta manera, Milei y Macri buscar\u00edan consolidar una coalici\u00f3n que no solo refuerce su presencia en la pol\u00edtica nacional, sino que tambi\u00e9n sirva como un contrapeso frente a la gesti\u00f3n del presidente Alberto Fern\u00e1ndez y sus aliados.<\/p>\n<p>Por otro lado, dentro del oficialismo se teme que una coalici\u00f3n entre el PRO y La Libertad Avanza podr\u00eda complicar la aprobaci\u00f3n de las reformas que el gobierno tiene planeadas para 2025, como la eliminaci\u00f3n de las PASO, la modificaci\u00f3n de la ley de financiamiento pol\u00edtico y los pliegos de los candidatos a la Corte Suprema.<\/p>\n<p>Este acuerdo, en caso de materializarse, podr\u00eda marcar un antes y un despu\u00e9s en el futuro pol\u00edtico de Argentina, consolidando a Milei y Macri como los principales actores en la oposici\u00f3n al kirchnerismo. En medio de este escenario electoral, ambos l\u00edderes deber\u00e1n avanzar en los detalles de un pacto que, aunque a\u00fan est\u00e1 en sus primeras etapas, podr\u00eda tener un impacto trascendental en las elecciones legislativas del pr\u00f3ximo a\u00f1o.<\/p>\n","protected":false},"excerpt":{"rendered":"<p>Macri se muestra dispuesto a aliarse con Milei para las elecciones de 2025, con el objetivo de derrotar al kirchnerismo. \u00bfQu\u00e9 implica esta nueva coalici\u00f3n? &nbsp; &nbsp; Mauricio Macri respondi\u00f3 este jueves a la invitaci\u00f3n del presidente Javier Milei para conformar un acuerdo electoral entre el PRO y La Libertad Avanza de cara a las elecciones legislativas de 2025. A trav\u00e9s de un mensaje en su cuenta de X (ex Twitter), Macri expres\u00f3 su disposici\u00f3n para formar un equipo de trabajo conjunto con el mandatario y avanzar en una &#8220;agenda&#8230;<\/p>\n","protected":false},"author":3,"featured_media":124286,"comment_status":"closed","ping_status":"closed","sticky":false,"template":"","format":"standard","meta":[],"categories":[9],"tags":[],"_links":{"self":[{"href":"https:\/\/www.actualidadadiario.com\/index.php\/wp-json\/wp\/v2\/posts\/124285"}],"collection":[{"href":"https:\/\/www.actualidadadiario.com\/index.php\/wp-json\/wp\/v2\/posts"}],"about":[{"href":"https:\/\/www.actualidadadiario.com\/index.php\/wp-json\/wp\/v2\/types\/post"}],"author":[{"embeddable":true,"href":"https:\/\/www.actualidadadiario.com\/index.php\/wp-json\/wp\/v2\/users\/3"}],"replies":[{"embeddable":true,"href":"https:\/\/www.actualidadadiario.com\/index.php\/wp-json\/wp\/v2\/comments?post=124285"}],"version-history":[{"count":1,"href":"https:\/\/www.actualidadadiario.com\/index.php\/wp-json\/wp\/v2\/posts\/124285\/revisions"}],"predecessor-version":[{"id":124287,"href":"https:\/\/www.actualidadadiario.com\/index.php\/wp-json\/wp\/v2\/posts\/124285\/revisions\/124287"}],"wp:featuredmedia":[{"embeddable":true,"href":"https:\/\/www.actualidadadiario.com\/index.php\/wp-json\/wp\/v2\/media\/124286"}],"wp:attachment":[{"href":"https:\/\/www.actualidadadiario.com\/index.php\/wp-json\/wp\/v2\/media?parent=124285"}],"wp:term":[{"taxonomy":"category","embeddable":true,"href":"https:\/\/www.actualidadadiario.com\/index.php\/wp-json\/wp\/v2\/categories?post=124285"},{"taxonomy":"post_tag","embeddable":true,"href":"https:\/\/www.actualidadadiario.com\/index.php\/wp-json\/wp\/v2\/tags?post=124285"}],"curies":[{"name":"wp","href":"https:\/\/api.w.org\/{rel}","templated":true}]}}